{"id":12828,"date":"2008-07-30T16:13:00","date_gmt":"2008-07-30T16:13:00","guid":{"rendered":"http:\/\/localhost:81\/wp1\/?p=12828"},"modified":"2008-07-30T16:13:00","modified_gmt":"2008-07-30T16:13:00","slug":"actividades-episcopais-70","status":"publish","type":"post","link":"https:\/\/sites.ecclesia.pt\/cv\/actividades-episcopais-70\/","title":{"rendered":"Actividades Episcopais"},"content":{"rendered":"<p>Dia 25:<\/p>\n<p>D. Ant\u00f3nio Francisco dos Santos participou em F\u00e1tima na reuni\u00e3o com a Comiss\u00e3o Organizadora da pr\u00f3xima Semana Social, a realizar em Aveiro em 2009.<\/p>\n<p>Dia 26:<\/p>\n<p>Celebrou a Eucaristia e o sacramento do Crisma na par\u00f3quia de S. Salvador de Cov\u00e3o de Lobo.<\/p>\n<p>Dia 27:<\/p>\n<p>Celebrou a Eucaristia e o sacramento do Crisma na par\u00f3quia de Santa Catarina; celebrou a Eucaristia na S\u00e9 Catedral, na reabertura da S\u00e9 ap\u00f3s as obras de restauro ali realizadas e participou no conv\u00edvio da Comunidade da Par\u00f3quia da Gl\u00f3ria; presidiu \u00e0 b\u00ean\u00e7\u00e3o da primeira pedra da nova Igreja de Fonte de Ange\u00e3o; participou na celebra\u00e7\u00e3o dos 75 anos da cria\u00e7\u00e3o da Freguesia de Calv\u00e3o e na romagem ao cemit\u00e9rio em homenagem ao Padre Ant\u00f3nio Baptista.<\/p>\n<p>Dia 30:<\/p>\n<p>Re\u00fane com o P\u00e1roco de S. Martinho de Ouca e visita o Lar de Idosos e o novo Lar em constru\u00e7\u00e3o.<\/p>\n","protected":false},"excerpt":{"rendered":"<p>Dia 25: D. Ant\u00f3nio Francisco dos Santos participou em F\u00e1tima na reuni\u00e3o com a Comiss\u00e3o Organizadora da pr\u00f3xima Semana Social, a realizar em Aveiro em 2009. Dia 26: Celebrou a Eucaristia e o sacramento do Crisma na par\u00f3quia de S. Salvador de Cov\u00e3o de Lobo. Dia 27: Celebrou a Eucaristia e o sacramento do Crisma [&hellip;]<\/p>\n","protected":false},"author":1,"featured_media":0,"comment_status":"open","ping_status":"open","sticky":false,"template":"","format":"standard","meta":{"footnotes":""},"categories":[70],"tags":[],"class_list":["post-12828","post","type-post","status-publish","format-standard","hentry","category-diocese"],"_links":{"self":[{"href":"https:\/\/sites.ecclesia.pt\/cv\/wp-json\/wp\/v2\/posts\/12828","targetHints":{"allow":["GET"]}}],"collection":[{"href":"https:\/\/sites.ecclesia.pt\/cv\/wp-json\/wp\/v2\/posts"}],"about":[{"href":"https:\/\/sites.ecclesia.pt\/cv\/wp-json\/wp\/v2\/types\/post"}],"author":[{"embeddable":true,"href":"https:\/\/sites.ecclesia.pt\/cv\/wp-json\/wp\/v2\/users\/1"}],"replies":[{"embeddable":true,"href":"https:\/\/sites.ecclesia.pt\/cv\/wp-json\/wp\/v2\/comments?post=12828"}],"version-history":[{"count":0,"href":"https:\/\/sites.ecclesia.pt\/cv\/wp-json\/wp\/v2\/posts\/12828\/revisions"}],"wp:attachment":[{"href":"https:\/\/sites.ecclesia.pt\/cv\/wp-json\/wp\/v2\/media?parent=12828"}],"wp:term":[{"taxonomy":"category","embeddable":true,"href":"https:\/\/sites.ecclesia.pt\/cv\/wp-json\/wp\/v2\/categories?post=12828"},{"taxonomy":"post_tag","embeddable":true,"href":"https:\/\/sites.ecclesia.pt\/cv\/wp-json\/wp\/v2\/tags?post=12828"}],"curies":[{"name":"wp","href":"https:\/\/api.w.org\/{rel}","templated":true}]}}