{"id":12829,"date":"2008-07-30T16:14:00","date_gmt":"2008-07-30T16:14:00","guid":{"rendered":"http:\/\/localhost:81\/wp1\/?p=12829"},"modified":"2008-07-30T16:14:00","modified_gmt":"2008-07-30T16:14:00","slug":"celebracao-pelos-200-anos-de-proteccao-de-santa-joana","status":"publish","type":"post","link":"https:\/\/sites.ecclesia.pt\/cv\/celebracao-pelos-200-anos-de-proteccao-de-santa-joana\/","title":{"rendered":"Celebra\u00e7\u00e3o pelos 200 anos de protec\u00e7\u00e3o de Santa Joana"},"content":{"rendered":"<p>D. Ant\u00f3nio Francisco preside na pr\u00f3xima ter\u00e7a-feira, 5 de Agosto, a uma celebra\u00e7\u00e3o em que se recordam os 20 anos de invoca\u00e7\u00e3o de Santa Joana como protectora de Aveiro. A celebra\u00e7\u00e3o tem lugar na S\u00e9 de Aveiro, \u00e0s 19h, recordando a convoca\u00e7\u00e3o dos aveirenses para uma prociss\u00e3o de desagravo pelas invas\u00f5es napole\u00f3nicas, por D. Ant\u00f3nio Jos\u00e9 Cordeiro, no dia 5 de Agosto de 1808. A prociss\u00e3o realizar-se-ia no dia 7 seguinte (ver texto na p\u00e1gina 15).<\/p>\n","protected":false},"excerpt":{"rendered":"<p>D. Ant\u00f3nio Francisco preside na pr\u00f3xima ter\u00e7a-feira, 5 de Agosto, a uma celebra\u00e7\u00e3o em que se recordam os 20 anos de invoca\u00e7\u00e3o de Santa Joana como protectora de Aveiro. A celebra\u00e7\u00e3o tem lugar na S\u00e9 de Aveiro, \u00e0s 19h, recordando a convoca\u00e7\u00e3o dos aveirenses para uma prociss\u00e3o de desagravo pelas invas\u00f5es napole\u00f3nicas, por D. Ant\u00f3nio [&hellip;]<\/p>\n","protected":false},"author":1,"featured_media":0,"comment_status":"open","ping_status":"open","sticky":false,"template":"","format":"standard","meta":{"footnotes":""},"categories":[70],"tags":[],"class_list":["post-12829","post","type-post","status-publish","format-standard","hentry","category-diocese"],"_links":{"self":[{"href":"https:\/\/sites.ecclesia.pt\/cv\/wp-json\/wp\/v2\/posts\/12829","targetHints":{"allow":["GET"]}}],"collection":[{"href":"https:\/\/sites.ecclesia.pt\/cv\/wp-json\/wp\/v2\/posts"}],"about":[{"href":"https:\/\/sites.ecclesia.pt\/cv\/wp-json\/wp\/v2\/types\/post"}],"author":[{"embeddable":true,"href":"https:\/\/sites.ecclesia.pt\/cv\/wp-json\/wp\/v2\/users\/1"}],"replies":[{"embeddable":true,"href":"https:\/\/sites.ecclesia.pt\/cv\/wp-json\/wp\/v2\/comments?post=12829"}],"version-history":[{"count":0,"href":"https:\/\/sites.ecclesia.pt\/cv\/wp-json\/wp\/v2\/posts\/12829\/revisions"}],"wp:attachment":[{"href":"https:\/\/sites.ecclesia.pt\/cv\/wp-json\/wp\/v2\/media?parent=12829"}],"wp:term":[{"taxonomy":"category","embeddable":true,"href":"https:\/\/sites.ecclesia.pt\/cv\/wp-json\/wp\/v2\/categories?post=12829"},{"taxonomy":"post_tag","embeddable":true,"href":"https:\/\/sites.ecclesia.pt\/cv\/wp-json\/wp\/v2\/tags?post=12829"}],"curies":[{"name":"wp","href":"https:\/\/api.w.org\/{rel}","templated":true}]}}