{"id":12830,"date":"2008-07-30T16:15:00","date_gmt":"2008-07-30T16:15:00","guid":{"rendered":"http:\/\/localhost:81\/wp1\/?p=12830"},"modified":"2008-07-30T16:15:00","modified_gmt":"2008-07-30T16:15:00","slug":"agenda-173","status":"publish","type":"post","link":"https:\/\/sites.ecclesia.pt\/cv\/agenda-173\/","title":{"rendered":"AGENDA"},"content":{"rendered":"<p>5 de Agosto \u2013 200 anos da declara\u00e7\u00e3o de Santa Joana como protectora de Aveiro. Celebra\u00e7\u00e3o na S\u00e9, \u00e0s 19h, presidida por D. Ant\u00f3nio Francisco.<\/p>\n<p>9 de Agosto \u2013 Inaugura\u00e7\u00e3o do Centro Paroquial de Pardelhas, \u00e0s 16h. Preside o Bispo de Aveiro.<\/p>\n<p>17 de Agosto \u2013 Ordena\u00e7\u00e3o sacerdotal de Johonny Freire, \u00e0s 16h, na S\u00e9 de Aveiro.<\/p>\n","protected":false},"excerpt":{"rendered":"<p>5 de Agosto \u2013 200 anos da declara\u00e7\u00e3o de Santa Joana como protectora de Aveiro. Celebra\u00e7\u00e3o na S\u00e9, \u00e0s 19h, presidida por D. Ant\u00f3nio Francisco. 9 de Agosto \u2013 Inaugura\u00e7\u00e3o do Centro Paroquial de Pardelhas, \u00e0s 16h. Preside o Bispo de Aveiro. 17 de Agosto \u2013 Ordena\u00e7\u00e3o sacerdotal de Johonny Freire, \u00e0s 16h, na S\u00e9 [&hellip;]<\/p>\n","protected":false},"author":1,"featured_media":0,"comment_status":"open","ping_status":"open","sticky":false,"template":"","format":"standard","meta":{"footnotes":""},"categories":[70],"tags":[],"class_list":["post-12830","post","type-post","status-publish","format-standard","hentry","category-diocese"],"_links":{"self":[{"href":"https:\/\/sites.ecclesia.pt\/cv\/wp-json\/wp\/v2\/posts\/12830","targetHints":{"allow":["GET"]}}],"collection":[{"href":"https:\/\/sites.ecclesia.pt\/cv\/wp-json\/wp\/v2\/posts"}],"about":[{"href":"https:\/\/sites.ecclesia.pt\/cv\/wp-json\/wp\/v2\/types\/post"}],"author":[{"embeddable":true,"href":"https:\/\/sites.ecclesia.pt\/cv\/wp-json\/wp\/v2\/users\/1"}],"replies":[{"embeddable":true,"href":"https:\/\/sites.ecclesia.pt\/cv\/wp-json\/wp\/v2\/comments?post=12830"}],"version-history":[{"count":0,"href":"https:\/\/sites.ecclesia.pt\/cv\/wp-json\/wp\/v2\/posts\/12830\/revisions"}],"wp:attachment":[{"href":"https:\/\/sites.ecclesia.pt\/cv\/wp-json\/wp\/v2\/media?parent=12830"}],"wp:term":[{"taxonomy":"category","embeddable":true,"href":"https:\/\/sites.ecclesia.pt\/cv\/wp-json\/wp\/v2\/categories?post=12830"},{"taxonomy":"post_tag","embeddable":true,"href":"https:\/\/sites.ecclesia.pt\/cv\/wp-json\/wp\/v2\/tags?post=12830"}],"curies":[{"name":"wp","href":"https:\/\/api.w.org\/{rel}","templated":true}]}}