{"id":12833,"date":"2008-07-30T16:24:00","date_gmt":"2008-07-30T16:24:00","guid":{"rendered":"http:\/\/localhost:81\/wp1\/?p=12833"},"modified":"2008-07-30T16:24:00","modified_gmt":"2008-07-30T16:24:00","slug":"escola-secundaria-jose-estevao-vai-ter-obras-de-modernizacao-em-20092010","status":"publish","type":"post","link":"https:\/\/sites.ecclesia.pt\/cv\/escola-secundaria-jose-estevao-vai-ter-obras-de-modernizacao-em-20092010\/","title":{"rendered":"Escola Secund\u00e1ria Jos\u00e9 Est\u00eav\u00e3o vai ter obras de moderniza\u00e7\u00e3o em 2009\/2010"},"content":{"rendered":"<p>A Escola Secund\u00e1ria Jos\u00e9 Est\u00eav\u00e3o, na cidade de Aveiro, dever\u00e1 integrar o grupo de estabelecimentos escolares, seleccionados pela empresa p\u00fablica Parque Escolar, para beneficiar de profundas obras de moderniza\u00e7\u00e3o. As obras est\u00e3o previstas para o ano lectivo de 2009 \/ 2010, ao abrigo do programa governamental de requalifica\u00e7\u00e3o do parque escolar nacional.<\/p>\n<p>O projecto de arquitectura dever\u00e1 estar conclu\u00eddo at\u00e9 ao final do corrente ano, seguindo-se depois os tr\u00e2mites legais referentes ao concurso p\u00fablico internacional. O prazo de dura\u00e7\u00e3o das obras \u00e9 de cerca de um ano. As obras n\u00e3o dever\u00e3o impedir o normal funcionamento da escola.<\/p>\n<p>O actual edif\u00edcio da Escola Secund\u00e1ria Jos\u00e9 Est\u00eav\u00e3o, antigo Liceu Nacional de Aveiro, data dos meados do s\u00e9culo XX e \u00e9 um im\u00f3vel de refer\u00eancia na arquitectura aveirense, sobretudo das que simbolizam o \u201cestilo oficial\u201d do Estado Novo. Por isso, as principais caracter\u00edsticas das linhas arquitect\u00f3nicas exteriores dever\u00e3o ser mantidas, ainda que a n\u00edvel interno sejam esperadas altera\u00e7\u00f5es significativas, de modo a adequar o espa\u00e7o \u00e0s novas exig\u00eancias e fun\u00e7\u00f5es de uma escola do s\u00e9culo XXI, onde o equipamento electr\u00f3nico e inform\u00e1tico \u00e9 primordial.<\/p>\n<p>Um dos objectivos do programa de requalifica\u00e7\u00e3o do parque escolar \u00e9 a abertura das escolas \u00e0 comunidade local, incluindo durante os fins-de-semana e os per\u00edodos de f\u00e9rias lectivas. <\/p>\n<p>A biblioteca, dotada com muitos milhares de livros, os laborat\u00f3rios (de ci\u00eancias naturais, de f\u00edsica e qu\u00edmica), o museu de ci\u00eancia natural, o bem equipado gin\u00e1sio, o anfiteatro e os recintos desportivos exteriores s\u00e3o alguns dos espa\u00e7os emblem\u00e1ticos do antigo liceu aveirense.<\/p>\n<p>Altera\u00e7\u00f5es ao tr\u00e2nsito \u00e0 volta do Liceu<\/p>\n<p>Desde ter\u00e7a-feira passada, 29 de Julho, os arruamentos envolventes \u00e0 Secund\u00e1ria Jos\u00e9 Est\u00eav\u00e3o sofreram altera\u00e7\u00f5es nos sentidos do tr\u00e2nsito. A Rua Almeida Garret (tinha sentido \u00fanico em direc\u00e7\u00e3o \u00e0 Avenida 25 de Abril) passa a ser sentido \u00fanico em direc\u00e7\u00e3o \u00e0 Rua Jaime Moniz. Esta, por seu turno, passa a ter sentido \u00fanico at\u00e9 ao entroncamento com a Rua Dr. Manuel das Neves (anteriormente tinha os dois sentidos). Por \u00faltimo, a Rua Dr. Manuel das Neves (que tinha apenas o sentido que partia da 25 de Abril) passa a ter os dois sentidos.<\/p>\n","protected":false},"excerpt":{"rendered":"<p>A Escola Secund\u00e1ria Jos\u00e9 Est\u00eav\u00e3o, na cidade de Aveiro, dever\u00e1 integrar o grupo de estabelecimentos escolares, seleccionados pela empresa p\u00fablica Parque Escolar, para beneficiar de profundas obras de moderniza\u00e7\u00e3o. As obras est\u00e3o previstas para o ano lectivo de 2009 \/ 2010, ao abrigo do programa governamental de requalifica\u00e7\u00e3o do parque escolar nacional. O projecto de [&hellip;]<\/p>\n","protected":false},"author":1,"featured_media":0,"comment_status":"open","ping_status":"open","sticky":false,"template":"","format":"standard","meta":{"footnotes":""},"categories":[45],"tags":[],"class_list":["post-12833","post","type-post","status-publish","format-standard","hentry","category-regioes"],"_links":{"self":[{"href":"https:\/\/sites.ecclesia.pt\/cv\/wp-json\/wp\/v2\/posts\/12833","targetHints":{"allow":["GET"]}}],"collection":[{"href":"https:\/\/sites.ecclesia.pt\/cv\/wp-json\/wp\/v2\/posts"}],"about":[{"href":"https:\/\/sites.ecclesia.pt\/cv\/wp-json\/wp\/v2\/types\/post"}],"author":[{"embeddable":true,"href":"https:\/\/sites.ecclesia.pt\/cv\/wp-json\/wp\/v2\/users\/1"}],"replies":[{"embeddable":true,"href":"https:\/\/sites.ecclesia.pt\/cv\/wp-json\/wp\/v2\/comments?post=12833"}],"version-history":[{"count":0,"href":"https:\/\/sites.ecclesia.pt\/cv\/wp-json\/wp\/v2\/posts\/12833\/revisions"}],"wp:attachment":[{"href":"https:\/\/sites.ecclesia.pt\/cv\/wp-json\/wp\/v2\/media?parent=12833"}],"wp:term":[{"taxonomy":"category","embeddable":true,"href":"https:\/\/sites.ecclesia.pt\/cv\/wp-json\/wp\/v2\/categories?post=12833"},{"taxonomy":"post_tag","embeddable":true,"href":"https:\/\/sites.ecclesia.pt\/cv\/wp-json\/wp\/v2\/tags?post=12833"}],"curies":[{"name":"wp","href":"https:\/\/api.w.org\/{rel}","templated":true}]}}