{"id":12834,"date":"2008-07-30T16:25:00","date_gmt":"2008-07-30T16:25:00","guid":{"rendered":"http:\/\/localhost:81\/wp1\/?p=12834"},"modified":"2008-07-30T16:25:00","modified_gmt":"2008-07-30T16:25:00","slug":"periodo-de-inscricoes-na-acav","status":"publish","type":"post","link":"https:\/\/sites.ecclesia.pt\/cv\/periodo-de-inscricoes-na-acav\/","title":{"rendered":"Per\u00edodo de inscri\u00e7\u00f5es na ACAV"},"content":{"rendered":"<p>Cursos para o ano lectivo 2008\/2009 <!--more--> A ACAV \u2013 Associa\u00e7\u00e3o Arte e Cultura de Aveiro tem aberto o per\u00edodo de inscri\u00e7\u00f5es para os seguintes cursos, a desenvolver durante o ano lectivo 2008 \/ 2009: Pintura e desenho, Pintura em azulejo, Pintura em porcelana, Cer\u00e2mica, Escultura, Pintura e desenho para crian\u00e7as, Escultura para crian\u00e7as, Inicia\u00e7\u00e3o \u00e0 pintura em porcelana para crian\u00e7as, Cer\u00e2mica para crian\u00e7as, Hist\u00f3ria das religi\u00f5es, Ioga, Psicofisiologia, Ingl\u00eas, Oficina de artes digitais, Geriatria gerontologia.<\/p>\n<p>A estes cursos juntam-se ainda as Actividades de Tempos Livres (ATL) para crian\u00e7as do 1\u00ba ciclo do ensino b\u00e1sico (com inicia\u00e7\u00e3o musical, express\u00e3o dram\u00e1tica e inform\u00e1tica).<\/p>\n<p>A ACAV est\u00e1 sedeada no Edif\u00edcio do Conservat\u00f3rio Calouste Gulbenkian, sito na Avenida Artur Ravara, pr\u00f3ximo do Hospital de Aveiro.<\/p>\n","protected":false},"excerpt":{"rendered":"<p>Cursos para o ano lectivo 2008\/2009<\/p>\n","protected":false},"author":1,"featured_media":0,"comment_status":"open","ping_status":"open","sticky":false,"template":"","format":"standard","meta":{"footnotes":""},"categories":[45],"tags":[],"class_list":["post-12834","post","type-post","status-publish","format-standard","hentry","category-regioes"],"_links":{"self":[{"href":"https:\/\/sites.ecclesia.pt\/cv\/wp-json\/wp\/v2\/posts\/12834","targetHints":{"allow":["GET"]}}],"collection":[{"href":"https:\/\/sites.ecclesia.pt\/cv\/wp-json\/wp\/v2\/posts"}],"about":[{"href":"https:\/\/sites.ecclesia.pt\/cv\/wp-json\/wp\/v2\/types\/post"}],"author":[{"embeddable":true,"href":"https:\/\/sites.ecclesia.pt\/cv\/wp-json\/wp\/v2\/users\/1"}],"replies":[{"embeddable":true,"href":"https:\/\/sites.ecclesia.pt\/cv\/wp-json\/wp\/v2\/comments?post=12834"}],"version-history":[{"count":0,"href":"https:\/\/sites.ecclesia.pt\/cv\/wp-json\/wp\/v2\/posts\/12834\/revisions"}],"wp:attachment":[{"href":"https:\/\/sites.ecclesia.pt\/cv\/wp-json\/wp\/v2\/media?parent=12834"}],"wp:term":[{"taxonomy":"category","embeddable":true,"href":"https:\/\/sites.ecclesia.pt\/cv\/wp-json\/wp\/v2\/categories?post=12834"},{"taxonomy":"post_tag","embeddable":true,"href":"https:\/\/sites.ecclesia.pt\/cv\/wp-json\/wp\/v2\/tags?post=12834"}],"curies":[{"name":"wp","href":"https:\/\/api.w.org\/{rel}","templated":true}]}}