{"id":12835,"date":"2008-07-30T16:25:00","date_gmt":"2008-07-30T16:25:00","guid":{"rendered":"http:\/\/localhost:81\/wp1\/?p=12835"},"modified":"2008-07-30T16:25:00","modified_gmt":"2008-07-30T16:25:00","slug":"ua-ausculta-interesse-em-estudos-chineses","status":"publish","type":"post","link":"https:\/\/sites.ecclesia.pt\/cv\/ua-ausculta-interesse-em-estudos-chineses\/","title":{"rendered":"UA ausculta interesse em Estudos Chineses"},"content":{"rendered":"<p>A Universidade de Aveiro est\u00e1 receptiva a manifesta\u00e7\u00f5es de interesse na frequ\u00eancia de um Curso de Especializa\u00e7\u00e3o em Estudos Chineses, que planeia oferecer a partir de Outubro pr\u00f3ximo.<\/p>\n<p>O interesse deve ser manifestado ao Secretariado do curso, por correio electr\u00f3nico (helena.costa2ua.pt) ou via postal (Estudos Chineses \u2013 Sec\u00e7\u00e3o Aut\u00f3noma de Ci\u00eancias Sociais, Jur\u00eddicas e Pol\u00edticas \u2013 Universidade de Aveiro, 3810-193 Aveiro). Mais informa\u00e7\u00f5es: Helena Costa, tel.: 234 372 482.<\/p>\n","protected":false},"excerpt":{"rendered":"<p>A Universidade de Aveiro est\u00e1 receptiva a manifesta\u00e7\u00f5es de interesse na frequ\u00eancia de um Curso de Especializa\u00e7\u00e3o em Estudos Chineses, que planeia oferecer a partir de Outubro pr\u00f3ximo. O interesse deve ser manifestado ao Secretariado do curso, por correio electr\u00f3nico (helena.costa2ua.pt) ou via postal (Estudos Chineses \u2013 Sec\u00e7\u00e3o Aut\u00f3noma de Ci\u00eancias Sociais, Jur\u00eddicas e Pol\u00edticas [&hellip;]<\/p>\n","protected":false},"author":1,"featured_media":0,"comment_status":"open","ping_status":"open","sticky":false,"template":"","format":"standard","meta":{"footnotes":""},"categories":[45],"tags":[],"class_list":["post-12835","post","type-post","status-publish","format-standard","hentry","category-regioes"],"_links":{"self":[{"href":"https:\/\/sites.ecclesia.pt\/cv\/wp-json\/wp\/v2\/posts\/12835","targetHints":{"allow":["GET"]}}],"collection":[{"href":"https:\/\/sites.ecclesia.pt\/cv\/wp-json\/wp\/v2\/posts"}],"about":[{"href":"https:\/\/sites.ecclesia.pt\/cv\/wp-json\/wp\/v2\/types\/post"}],"author":[{"embeddable":true,"href":"https:\/\/sites.ecclesia.pt\/cv\/wp-json\/wp\/v2\/users\/1"}],"replies":[{"embeddable":true,"href":"https:\/\/sites.ecclesia.pt\/cv\/wp-json\/wp\/v2\/comments?post=12835"}],"version-history":[{"count":0,"href":"https:\/\/sites.ecclesia.pt\/cv\/wp-json\/wp\/v2\/posts\/12835\/revisions"}],"wp:attachment":[{"href":"https:\/\/sites.ecclesia.pt\/cv\/wp-json\/wp\/v2\/media?parent=12835"}],"wp:term":[{"taxonomy":"category","embeddable":true,"href":"https:\/\/sites.ecclesia.pt\/cv\/wp-json\/wp\/v2\/categories?post=12835"},{"taxonomy":"post_tag","embeddable":true,"href":"https:\/\/sites.ecclesia.pt\/cv\/wp-json\/wp\/v2\/tags?post=12835"}],"curies":[{"name":"wp","href":"https:\/\/api.w.org\/{rel}","templated":true}]}}