{"id":13144,"date":"2012-11-14T16:12:00","date_gmt":"2012-11-14T16:12:00","guid":{"rendered":"http:\/\/localhost:81\/wp1\/?p=13144"},"modified":"2012-11-14T16:12:00","modified_gmt":"2012-11-14T16:12:00","slug":"concerto-dos-virgem-suta-na-gafanha-da-nazare","status":"publish","type":"post","link":"https:\/\/sites.ecclesia.pt\/cv\/concerto-dos-virgem-suta-na-gafanha-da-nazare\/","title":{"rendered":"Concerto dos Virgem Suta na Gafanha da Nazar\u00e9"},"content":{"rendered":"<p>Os Virgem Suta s\u00e3o um duo de Beja, constitu\u00eddo por Jorge Benvinda e Nuno Figueiredo, que, com can\u00e7\u00f5es simples e diretas, t\u00eam vindo a construir uma carreira sem vedetismo mas s\u00f3lida. O concerto da Gafanha da Nazar\u00e9, no pr\u00f3ximo s\u00e1bado, ser\u00e1 composto por temas do novo \u00e1lbum de originais \u2013 \u201cDoce Lar\u201d\u2013 como \u201cMaria Alice\u201d ou \u201cBeija-me na boca\u201d, e por temas do \u00e1lbum de estreia, como os j\u00e1 bem conhecidos, \u201cLinhas cruzadas\u201d, \u201cDan\u00e7a de balc\u00e3o\u201d, \u201cTomo conta desta tua casa\u201d ou \u201cVov\u00f3 Joaquina\u201d.<\/p>\n<p>Concerto dos Virgem Suta, no Centro Cultural da Gafanha da Nazar\u00e9, dia 17 de novembro, \u00e0s 22h. Bilhetes a 5,5 euros.<\/p>\n","protected":false},"excerpt":{"rendered":"<p>Os Virgem Suta s\u00e3o um duo de Beja, constitu\u00eddo por Jorge Benvinda e Nuno Figueiredo, que, com can\u00e7\u00f5es simples e diretas, t\u00eam vindo a construir uma carreira sem vedetismo mas s\u00f3lida. O concerto da Gafanha da Nazar\u00e9, no pr\u00f3ximo s\u00e1bado, ser\u00e1 composto por temas do novo \u00e1lbum de originais \u2013 \u201cDoce Lar\u201d\u2013 como \u201cMaria Alice\u201d [&hellip;]<\/p>\n","protected":false},"author":1,"featured_media":0,"comment_status":"open","ping_status":"open","sticky":false,"template":"","format":"standard","meta":{"footnotes":""},"categories":[67],"tags":[],"class_list":["post-13144","post","type-post","status-publish","format-standard","hentry","category-ver-ouvir-sair"],"_links":{"self":[{"href":"https:\/\/sites.ecclesia.pt\/cv\/wp-json\/wp\/v2\/posts\/13144","targetHints":{"allow":["GET"]}}],"collection":[{"href":"https:\/\/sites.ecclesia.pt\/cv\/wp-json\/wp\/v2\/posts"}],"about":[{"href":"https:\/\/sites.ecclesia.pt\/cv\/wp-json\/wp\/v2\/types\/post"}],"author":[{"embeddable":true,"href":"https:\/\/sites.ecclesia.pt\/cv\/wp-json\/wp\/v2\/users\/1"}],"replies":[{"embeddable":true,"href":"https:\/\/sites.ecclesia.pt\/cv\/wp-json\/wp\/v2\/comments?post=13144"}],"version-history":[{"count":0,"href":"https:\/\/sites.ecclesia.pt\/cv\/wp-json\/wp\/v2\/posts\/13144\/revisions"}],"wp:attachment":[{"href":"https:\/\/sites.ecclesia.pt\/cv\/wp-json\/wp\/v2\/media?parent=13144"}],"wp:term":[{"taxonomy":"category","embeddable":true,"href":"https:\/\/sites.ecclesia.pt\/cv\/wp-json\/wp\/v2\/categories?post=13144"},{"taxonomy":"post_tag","embeddable":true,"href":"https:\/\/sites.ecclesia.pt\/cv\/wp-json\/wp\/v2\/tags?post=13144"}],"curies":[{"name":"wp","href":"https:\/\/api.w.org\/{rel}","templated":true}]}}