{"id":13170,"date":"2008-09-24T16:50:00","date_gmt":"2008-09-24T16:50:00","guid":{"rendered":"http:\/\/localhost:81\/wp1\/?p=13170"},"modified":"2008-09-24T16:50:00","modified_gmt":"2008-09-24T16:50:00","slug":"muculmanos-aceitam-colaborar-com-cristaos","status":"publish","type":"post","link":"https:\/\/sites.ecclesia.pt\/cv\/muculmanos-aceitam-colaborar-com-cristaos\/","title":{"rendered":"Mu\u00e7ulmanos aceitam colaborar com crist\u00e3os"},"content":{"rendered":"<p>A mensagem divulgada na semana passada pelo Pontif\u00edcio Conselho para o Di\u00e1logo Inter-religioso por ocasi\u00e3o do fim do Ramad\u00e3o foi bem aceite pela comunidade mu\u00e7ulmana. A mensagem tem como tema \u201cCrist\u00e3os e mu\u00e7ulmanos: juntos pela dignidade da fam\u00edlia\u201d.<\/p>\n<p>O secret\u00e1rio-geral da Associa\u00e7\u00e3o de Intelectuais Mu\u00e7ulmanos Italia-nos, Karim Mezran, aprovou a escolha do tema, afirmando que \u201ca fam\u00edlia deve voltar a representar o ponto de refer\u00eancia da pol\u00edtica e do desenvolvimento de todo o pa\u00eds. Crist\u00e3os e mu\u00e7ulmanos podem n\u00e3o somente conviver, mas tamb\u00e9m colaborar para a realiza\u00e7\u00e3o de uma sociedade que tutele os valores fundamentais da vida e da fam\u00edlia\u201d. <\/p>\n<p>Mezran destacou o convite do Cardeal Jean-Louis Tauran para que crist\u00e3os e mu\u00e7ulmanos colaborem sobre o tema da fam\u00edlia. Segundo ele, esse convite insere-se no \u00e2mbito da Declara\u00e7\u00e3o final da Confer\u00eancia sobre o Di\u00e1logo Inter-religioso, organizada pela Liga Isl\u00e2mica mundial este ano em Madrid, na qual 250 representantes das maiores religi\u00f5es decidiram elaborar conjuntamente as directrizes para uma justi\u00e7a social. \u201cA viol\u00eancia, a falta de valores e a pouca assist\u00eancia que recebe do Estado est\u00e3o condicionando de modo negativo a institui\u00e7\u00e3o familiar, e as consequ\u00eancias s\u00e3o vis\u00edveis a todos\u201d, analisou.<\/p>\n<p>\u201cEsperamos que \u00e0s declara\u00e7\u00f5es do Card. Tauran sigam ac\u00e7\u00f5es concretas. Da nossa parte, vamos convid\u00e1-lo, o quanto antes, para um encontro no qual vamos estabelecer os princ\u00edpios do di\u00e1logo inter-religioso tamb\u00e9m nesta perspectiva familiar\u201d, declarou. <\/p>\n","protected":false},"excerpt":{"rendered":"<p>A mensagem divulgada na semana passada pelo Pontif\u00edcio Conselho para o Di\u00e1logo Inter-religioso por ocasi\u00e3o do fim do Ramad\u00e3o foi bem aceite pela comunidade mu\u00e7ulmana. A mensagem tem como tema \u201cCrist\u00e3os e mu\u00e7ulmanos: juntos pela dignidade da fam\u00edlia\u201d. O secret\u00e1rio-geral da Associa\u00e7\u00e3o de Intelectuais Mu\u00e7ulmanos Italia-nos, Karim Mezran, aprovou a escolha do tema, afirmando que [&hellip;]<\/p>\n","protected":false},"author":1,"featured_media":0,"comment_status":"open","ping_status":"open","sticky":false,"template":"","format":"standard","meta":{"footnotes":""},"categories":[44],"tags":[],"class_list":["post-13170","post","type-post","status-publish","format-standard","hentry","category-igreja"],"_links":{"self":[{"href":"https:\/\/sites.ecclesia.pt\/cv\/wp-json\/wp\/v2\/posts\/13170","targetHints":{"allow":["GET"]}}],"collection":[{"href":"https:\/\/sites.ecclesia.pt\/cv\/wp-json\/wp\/v2\/posts"}],"about":[{"href":"https:\/\/sites.ecclesia.pt\/cv\/wp-json\/wp\/v2\/types\/post"}],"author":[{"embeddable":true,"href":"https:\/\/sites.ecclesia.pt\/cv\/wp-json\/wp\/v2\/users\/1"}],"replies":[{"embeddable":true,"href":"https:\/\/sites.ecclesia.pt\/cv\/wp-json\/wp\/v2\/comments?post=13170"}],"version-history":[{"count":0,"href":"https:\/\/sites.ecclesia.pt\/cv\/wp-json\/wp\/v2\/posts\/13170\/revisions"}],"wp:attachment":[{"href":"https:\/\/sites.ecclesia.pt\/cv\/wp-json\/wp\/v2\/media?parent=13170"}],"wp:term":[{"taxonomy":"category","embeddable":true,"href":"https:\/\/sites.ecclesia.pt\/cv\/wp-json\/wp\/v2\/categories?post=13170"},{"taxonomy":"post_tag","embeddable":true,"href":"https:\/\/sites.ecclesia.pt\/cv\/wp-json\/wp\/v2\/tags?post=13170"}],"curies":[{"name":"wp","href":"https:\/\/api.w.org\/{rel}","templated":true}]}}