{"id":13171,"date":"2008-09-24T16:51:00","date_gmt":"2008-09-24T16:51:00","guid":{"rendered":"http:\/\/localhost:81\/wp1\/?p=13171"},"modified":"2008-09-24T16:51:00","modified_gmt":"2008-09-24T16:51:00","slug":"anglicanos-divulgam-oracao-para-a-situacao-financeira","status":"publish","type":"post","link":"https:\/\/sites.ecclesia.pt\/cv\/anglicanos-divulgam-oracao-para-a-situacao-financeira\/","title":{"rendered":"Anglicanos divulgam &#8220;ora\u00e7\u00e3o para a situa\u00e7\u00e3o financeira&#8221;"},"content":{"rendered":"<p>Com o objectivo de assistir espiritualmente os fi\u00e9is que se encontram stressados devido \u00e0 crise financeira internacional, a Igreja anglicana publicou no seu s\u00edtio na Internet uma ora\u00e7\u00e3o invocando Deus para que \u201cvenha ao encontro de nossos temores e seja uma fortaleza entre as areias movedi\u00e7as\u201d. <\/p>\n<p>A ora\u00e7\u00e3o baseia-se no conceito de que as \u2018verdadeiras alegrias\u2019 n\u00e3o devem ser procuradas na Bolsa de Valores, mas no amor por Jesus Cristo.<\/p>\n<p>As palavras da breve \u201cora\u00e7\u00e3o para a situa\u00e7\u00e3o financeira\u201d demonstram que a Igreja oficial do Reino Unido quer, de todas as formas, permanecer atenta \u00e0s preocupa\u00e7\u00f5es e ang\u00fastias da actualidade:<\/p>\n<p>\u201cSenhor, vivemos em dias conturbados\/ no mundo os pre\u00e7os aumentam,\/ as d\u00edvidas crescem,\/ os bancos entram em fal\u00eancia,\/ perdemos empregos,\/ a nossa fr\u00e1gil seguran\u00e7a \u00e9 amea\u00e7ada.\/ Senhor misericordioso, vem ao encontro dos nossos temores e ouve as nossas ora\u00e7\u00f5es.\/ S\u00ea uma fortaleza no meio das areias movedi\u00e7as,\/ e uma luz nas trevas;\/ ajuda-nos a receber os dons da paz\/ e orienta os cora\u00e7\u00f5es para onde se encontram as verdadeiras alegrias\/ em Jesus Cristo Nosso Senhor. Amen\u201d.<\/p>\n<p>O arcebispo de Cantu\u00e1ria e primaz da Igreja anglicana, Rowan Williams, afirmou que \u201cnuma grande agita\u00e7\u00e3o econ\u00f3mica internacional, \u00e9 importante que a Igreja ofere\u00e7a uma ocasi\u00e3o para rezar e reflectir\u201d. Mais informa\u00e7\u00f5es em www.cofe.anglican.org.<\/p>\n","protected":false},"excerpt":{"rendered":"<p>Com o objectivo de assistir espiritualmente os fi\u00e9is que se encontram stressados devido \u00e0 crise financeira internacional, a Igreja anglicana publicou no seu s\u00edtio na Internet uma ora\u00e7\u00e3o invocando Deus para que \u201cvenha ao encontro de nossos temores e seja uma fortaleza entre as areias movedi\u00e7as\u201d. A ora\u00e7\u00e3o baseia-se no conceito de que as \u2018verdadeiras [&hellip;]<\/p>\n","protected":false},"author":1,"featured_media":0,"comment_status":"open","ping_status":"open","sticky":false,"template":"","format":"standard","meta":{"footnotes":""},"categories":[44],"tags":[],"class_list":["post-13171","post","type-post","status-publish","format-standard","hentry","category-igreja"],"_links":{"self":[{"href":"https:\/\/sites.ecclesia.pt\/cv\/wp-json\/wp\/v2\/posts\/13171","targetHints":{"allow":["GET"]}}],"collection":[{"href":"https:\/\/sites.ecclesia.pt\/cv\/wp-json\/wp\/v2\/posts"}],"about":[{"href":"https:\/\/sites.ecclesia.pt\/cv\/wp-json\/wp\/v2\/types\/post"}],"author":[{"embeddable":true,"href":"https:\/\/sites.ecclesia.pt\/cv\/wp-json\/wp\/v2\/users\/1"}],"replies":[{"embeddable":true,"href":"https:\/\/sites.ecclesia.pt\/cv\/wp-json\/wp\/v2\/comments?post=13171"}],"version-history":[{"count":0,"href":"https:\/\/sites.ecclesia.pt\/cv\/wp-json\/wp\/v2\/posts\/13171\/revisions"}],"wp:attachment":[{"href":"https:\/\/sites.ecclesia.pt\/cv\/wp-json\/wp\/v2\/media?parent=13171"}],"wp:term":[{"taxonomy":"category","embeddable":true,"href":"https:\/\/sites.ecclesia.pt\/cv\/wp-json\/wp\/v2\/categories?post=13171"},{"taxonomy":"post_tag","embeddable":true,"href":"https:\/\/sites.ecclesia.pt\/cv\/wp-json\/wp\/v2\/tags?post=13171"}],"curies":[{"name":"wp","href":"https:\/\/api.w.org\/{rel}","templated":true}]}}