{"id":13226,"date":"2008-10-01T15:43:00","date_gmt":"2008-10-01T15:43:00","guid":{"rendered":"http:\/\/localhost:81\/wp1\/?p=13226"},"modified":"2008-10-01T15:43:00","modified_gmt":"2008-10-01T15:43:00","slug":"vaticano-vai-aderir-a-interpol","status":"publish","type":"post","link":"https:\/\/sites.ecclesia.pt\/cv\/vaticano-vai-aderir-a-interpol\/","title":{"rendered":"Vaticano vai aderir \u00e0 Interpol"},"content":{"rendered":"<p>A Gendarmeria do Vaticano, corpo militar respons\u00e1vel pelo policiamento e seguran\u00e7a neste Estado, far\u00e1 parte da Interpol a partir de Outubro.<\/p>\n<p>O protocolo de ades\u00e3o ser\u00e1 assinado em S\u00e3o Petersburgo, na R\u00fassia, adiantou o comandante da Gendarmeria vaticana, Domenico Giani.<\/p>\n<p>Desta forma a Pol\u00edcia do Vaticano poder\u00e1 adquirir informa\u00e7\u00e3o sobre fen\u00f3menos criminais e estar actualizada sobre procedimentos de luta contra o crime organizado e associa\u00e7\u00f5es subversivas.<\/p>\n<p>As for\u00e7as policiais deste pequeno Estado contam desde Junho com duas novas divis\u00f5es anti-terroristas, um Grupo de Interven\u00e7\u00e3o R\u00e1pida e uma Divis\u00e3o Anti-Sabotagem.<\/p>\n","protected":false},"excerpt":{"rendered":"<p>A Gendarmeria do Vaticano, corpo militar respons\u00e1vel pelo policiamento e seguran\u00e7a neste Estado, far\u00e1 parte da Interpol a partir de Outubro. O protocolo de ades\u00e3o ser\u00e1 assinado em S\u00e3o Petersburgo, na R\u00fassia, adiantou o comandante da Gendarmeria vaticana, Domenico Giani. Desta forma a Pol\u00edcia do Vaticano poder\u00e1 adquirir informa\u00e7\u00e3o sobre fen\u00f3menos criminais e estar actualizada [&hellip;]<\/p>\n","protected":false},"author":1,"featured_media":0,"comment_status":"open","ping_status":"open","sticky":false,"template":"","format":"standard","meta":{"footnotes":""},"categories":[44],"tags":[],"class_list":["post-13226","post","type-post","status-publish","format-standard","hentry","category-igreja"],"_links":{"self":[{"href":"https:\/\/sites.ecclesia.pt\/cv\/wp-json\/wp\/v2\/posts\/13226","targetHints":{"allow":["GET"]}}],"collection":[{"href":"https:\/\/sites.ecclesia.pt\/cv\/wp-json\/wp\/v2\/posts"}],"about":[{"href":"https:\/\/sites.ecclesia.pt\/cv\/wp-json\/wp\/v2\/types\/post"}],"author":[{"embeddable":true,"href":"https:\/\/sites.ecclesia.pt\/cv\/wp-json\/wp\/v2\/users\/1"}],"replies":[{"embeddable":true,"href":"https:\/\/sites.ecclesia.pt\/cv\/wp-json\/wp\/v2\/comments?post=13226"}],"version-history":[{"count":0,"href":"https:\/\/sites.ecclesia.pt\/cv\/wp-json\/wp\/v2\/posts\/13226\/revisions"}],"wp:attachment":[{"href":"https:\/\/sites.ecclesia.pt\/cv\/wp-json\/wp\/v2\/media?parent=13226"}],"wp:term":[{"taxonomy":"category","embeddable":true,"href":"https:\/\/sites.ecclesia.pt\/cv\/wp-json\/wp\/v2\/categories?post=13226"},{"taxonomy":"post_tag","embeddable":true,"href":"https:\/\/sites.ecclesia.pt\/cv\/wp-json\/wp\/v2\/tags?post=13226"}],"curies":[{"name":"wp","href":"https:\/\/api.w.org\/{rel}","templated":true}]}}