{"id":13227,"date":"2008-10-01T15:44:00","date_gmt":"2008-10-01T15:44:00","guid":{"rendered":"http:\/\/localhost:81\/wp1\/?p=13227"},"modified":"2008-10-01T15:44:00","modified_gmt":"2008-10-01T15:44:00","slug":"a-fe-continua-viva-na-china","status":"publish","type":"post","link":"https:\/\/sites.ecclesia.pt\/cv\/a-fe-continua-viva-na-china\/","title":{"rendered":"&#8220;A f\u00e9 continua viva na China&#8221;"},"content":{"rendered":"<p>Decorreu em Macau o VIII Encontro das Presid\u00eancias Episcopais das Igrejas Lus\u00f3fonas. No final da viagem, D. Jorge Ortiga, presidente da Confer\u00eancia Episcopal Portuguesa disse ter verificado que \u201ca f\u00e9 continua viva na China\u201d. E testemunhou: \u201cEsta viagem teve como objectivo o conhecimento de uma nova realidade que nos parece come\u00e7ar a ser vivida nesta parte do mundo. Visit\u00e1mos duas comunidades que, com as suas limita\u00e7\u00f5es, me parecem interessadas em conhecer a B\u00edblia e o catecismo da Igreja Cat\u00f3lica. Impressionou-me a organiza\u00e7\u00e3o que t\u00eam do catecumenado, sinal de que h\u00e1 pessoas interessadas em converter-se ao cristianismo. Ao mesmo tempo, a recupera\u00e7\u00e3o e actualiza\u00e7\u00e3o das estruturas materiais s\u00e3o sinal evidente de uma f\u00e9 viva, que num mundo de indiferen\u00e7a, consegue construir uma igreja capaz de responder aos diversos desafios\u201d.<\/p>\n","protected":false},"excerpt":{"rendered":"<p>Decorreu em Macau o VIII Encontro das Presid\u00eancias Episcopais das Igrejas Lus\u00f3fonas. No final da viagem, D. Jorge Ortiga, presidente da Confer\u00eancia Episcopal Portuguesa disse ter verificado que \u201ca f\u00e9 continua viva na China\u201d. E testemunhou: \u201cEsta viagem teve como objectivo o conhecimento de uma nova realidade que nos parece come\u00e7ar a ser vivida nesta [&hellip;]<\/p>\n","protected":false},"author":1,"featured_media":0,"comment_status":"open","ping_status":"open","sticky":false,"template":"","format":"standard","meta":{"footnotes":""},"categories":[44],"tags":[],"class_list":["post-13227","post","type-post","status-publish","format-standard","hentry","category-igreja"],"_links":{"self":[{"href":"https:\/\/sites.ecclesia.pt\/cv\/wp-json\/wp\/v2\/posts\/13227","targetHints":{"allow":["GET"]}}],"collection":[{"href":"https:\/\/sites.ecclesia.pt\/cv\/wp-json\/wp\/v2\/posts"}],"about":[{"href":"https:\/\/sites.ecclesia.pt\/cv\/wp-json\/wp\/v2\/types\/post"}],"author":[{"embeddable":true,"href":"https:\/\/sites.ecclesia.pt\/cv\/wp-json\/wp\/v2\/users\/1"}],"replies":[{"embeddable":true,"href":"https:\/\/sites.ecclesia.pt\/cv\/wp-json\/wp\/v2\/comments?post=13227"}],"version-history":[{"count":0,"href":"https:\/\/sites.ecclesia.pt\/cv\/wp-json\/wp\/v2\/posts\/13227\/revisions"}],"wp:attachment":[{"href":"https:\/\/sites.ecclesia.pt\/cv\/wp-json\/wp\/v2\/media?parent=13227"}],"wp:term":[{"taxonomy":"category","embeddable":true,"href":"https:\/\/sites.ecclesia.pt\/cv\/wp-json\/wp\/v2\/categories?post=13227"},{"taxonomy":"post_tag","embeddable":true,"href":"https:\/\/sites.ecclesia.pt\/cv\/wp-json\/wp\/v2\/tags?post=13227"}],"curies":[{"name":"wp","href":"https:\/\/api.w.org\/{rel}","templated":true}]}}