{"id":13228,"date":"2008-10-01T15:44:00","date_gmt":"2008-10-01T15:44:00","guid":{"rendered":"http:\/\/localhost:81\/wp1\/?p=13228"},"modified":"2008-10-01T15:44:00","modified_gmt":"2008-10-01T15:44:00","slug":"italia-maratona-de-leitura-da-biblia","status":"publish","type":"post","link":"https:\/\/sites.ecclesia.pt\/cv\/italia-maratona-de-leitura-da-biblia\/","title":{"rendered":"It\u00e1lia: Maratona de leitura da B\u00edblia"},"content":{"rendered":"<p>It\u00e1lia vai \u201ccorrer\u201d uma maratona de leitura da B\u00edblia durante sete dias e sete noites ininterruptas. \u00c0s 19h do dia 5 de Outubro, Bento XVI dar\u00e1 in\u00edcio \u00e0 maratona com uma leitura do Antigo Testamento. A maratona ser\u00e1 continuada por 1 500 vozes e transmitida pela TV \u00abRai Uno\u00bb durante cerca de 140 horas. <\/p>\n<p>Haver\u00e1 ainda a possibilidade de acompanhar a leitura pela Internet ou por telefone. O evento, baptizado de \u00abA B\u00edblia dia e noite\u00bb, contar\u00e1 com a presen\u00e7a de artistas, personalidades e autoridades. Prev\u00ea-se que a leitura seja encerrada \u00e0s 13 horas de 11 de Outubro, pelo futebolista brasileiro Kak\u00e1 (Milan).<\/p>\n","protected":false},"excerpt":{"rendered":"<p>It\u00e1lia vai \u201ccorrer\u201d uma maratona de leitura da B\u00edblia durante sete dias e sete noites ininterruptas. \u00c0s 19h do dia 5 de Outubro, Bento XVI dar\u00e1 in\u00edcio \u00e0 maratona com uma leitura do Antigo Testamento. A maratona ser\u00e1 continuada por 1 500 vozes e transmitida pela TV \u00abRai Uno\u00bb durante cerca de 140 horas. Haver\u00e1 [&hellip;]<\/p>\n","protected":false},"author":1,"featured_media":0,"comment_status":"open","ping_status":"open","sticky":false,"template":"","format":"standard","meta":{"footnotes":""},"categories":[44],"tags":[],"class_list":["post-13228","post","type-post","status-publish","format-standard","hentry","category-igreja"],"_links":{"self":[{"href":"https:\/\/sites.ecclesia.pt\/cv\/wp-json\/wp\/v2\/posts\/13228","targetHints":{"allow":["GET"]}}],"collection":[{"href":"https:\/\/sites.ecclesia.pt\/cv\/wp-json\/wp\/v2\/posts"}],"about":[{"href":"https:\/\/sites.ecclesia.pt\/cv\/wp-json\/wp\/v2\/types\/post"}],"author":[{"embeddable":true,"href":"https:\/\/sites.ecclesia.pt\/cv\/wp-json\/wp\/v2\/users\/1"}],"replies":[{"embeddable":true,"href":"https:\/\/sites.ecclesia.pt\/cv\/wp-json\/wp\/v2\/comments?post=13228"}],"version-history":[{"count":0,"href":"https:\/\/sites.ecclesia.pt\/cv\/wp-json\/wp\/v2\/posts\/13228\/revisions"}],"wp:attachment":[{"href":"https:\/\/sites.ecclesia.pt\/cv\/wp-json\/wp\/v2\/media?parent=13228"}],"wp:term":[{"taxonomy":"category","embeddable":true,"href":"https:\/\/sites.ecclesia.pt\/cv\/wp-json\/wp\/v2\/categories?post=13228"},{"taxonomy":"post_tag","embeddable":true,"href":"https:\/\/sites.ecclesia.pt\/cv\/wp-json\/wp\/v2\/tags?post=13228"}],"curies":[{"name":"wp","href":"https:\/\/api.w.org\/{rel}","templated":true}]}}