{"id":13229,"date":"2008-10-01T15:47:00","date_gmt":"2008-10-01T15:47:00","guid":{"rendered":"http:\/\/localhost:81\/wp1\/?p=13229"},"modified":"2008-10-01T15:47:00","modified_gmt":"2008-10-01T15:47:00","slug":"santuario-de-fatima-tem-novo-reitor","status":"publish","type":"post","link":"https:\/\/sites.ecclesia.pt\/cv\/santuario-de-fatima-tem-novo-reitor\/","title":{"rendered":"Santu\u00e1rio de F\u00e1tima tem novo Reitor"},"content":{"rendered":"<p>P.e Virg\u00edlio do Nascimento Antunes tomou posse no dia 25 de Setembro. Sucede a Mons. Luciano Guerra, que era Reitor do Santu\u00e1rio de F\u00e1tima desde 1973<\/p>\n<p>O P.e Virg\u00edlio do Nascimento Antunes tomou posse como Reitor do Santu\u00e1rio de F\u00e1tima, em celebra\u00e7\u00e3o presidida pelo Bispo de Leiria-F\u00e1tima, D. Ant\u00f3nio Marto, no dia 25 de Setembro. Tamb\u00e9m entrou em fun\u00e7\u00f5es o novo Administrador do Santu\u00e1rio de F\u00e1tima, P.e Cristiano Saraiva.<\/p>\n<p>A tomada de posse decorreu na Igreja da Sant\u00edssima Trindade, ap\u00f3s a Eucaristia das 11h, em que concelebraram os bispos em\u00e9ritos de Leiria-F\u00e1tima, Coimbra e Portalegre-Castelo Branco, e o clero da Diocese de Leiria-F\u00e1tima, que tamb\u00e9m celebrou neste dia o jubileu sacerdotal do P.e Virg\u00edlio da Silva, p\u00e1roco da Urqueira (50 anos), e do P.e Jorge Guarda, Vig\u00e1rio-Geral da Diocese (25 anos).<\/p>\n<p>O novo reitor, ap\u00f3s ter sido investido no cargo, sublinhou a responsabilidade perante os que procuram o santu\u00e1rio.<\/p>\n<p>\u201cOs peregrinos do presente ou aqueles que vierem a s\u00ea-lo no futuro s\u00e3o a raz\u00e3o de ser de tudo o que aqui se prop\u00f5e, se anuncia e se vive. Sentimos, por isso, uma grande responsabilidade diante de v\u00f3s, pois queremos ser pequenos instrumentos que vos ajudem ao encontro com Deus atrav\u00e9s da figura e de Maria. Sois bem vindos. Procuraremos tudo fazer para vos receber bem, dentro daquilo que s\u00e3o as directivas da Igreja e a raz\u00e3o de ser deste Santu\u00e1rio\u201d, afirmou.<\/p>\n<p>O Bispo de Leiria-F\u00e1tima, nas palavras durante a cerim\u00f3nia da tomada de posse, expressou em seu nome e em nome do Episcopado Portugu\u00eas a gratid\u00e3o pelo trabalho de Mons. Guerra \u00e0 frente da institui\u00e7\u00e3o desde 1973, e teceu votos de felicita\u00e7\u00f5es ao novo reitor e ao novo administrador do Santu\u00e1rio, a quem transmitiu a sua \u201cconfian\u00e7a\u201d, \u201ccomunh\u00e3o\u201d e \u201capoio\u201d.<\/p>\n<p>D. Ant\u00f3nio Marto sintetizou a import\u00e2ncia e o relevo do Santu\u00e1rio de F\u00e1tima para a Igreja e para o mundo e falou sobre o carisma deste lugar.<\/p>\n<p>\u201cA grande li\u00e7\u00e3o de F\u00e1tima \u00e9 que a ora\u00e7\u00e3o \u00e9 sempre a arma mais forte, mesmo no campo da hist\u00f3ria, para a convers\u00e3o dos cora\u00e7\u00f5es e a paz entre os povos\u201d, referiu.<\/p>\n<p>Ap\u00f3s a tomada de posse, decorreu, na Capelinha das Apari\u00e7\u00f5es, um momento de ac\u00e7\u00e3o de gra\u00e7as e de consagra\u00e7\u00e3o a Nossa Senhora. <\/p>\n<p>O Reitor cessante, Mons. Luciano Guerra, agradeceu a Nossa Senhora de F\u00e1tima e o novo Reitor entregou o seu trabalho e a institui\u00e7\u00e3o nas m\u00e3os da Virgem.<\/p>\n<p>Entrega simb\u00f3lica<\/p>\n<p>da chave da reitoria<\/p>\n<p>\u201cVou entregar-te a ti, meu caro P.e Virg\u00edlio, n\u00e3o as chaves todas de todas as portas do Santu\u00e1rio \u2013 o que seria fisicamente imposs\u00edvel, por serem certamente mais de mil \u2013 mas a chave do gabinete da Reitoria, que ocupei at\u00e9 este momento, e que ser\u00e1 teu a partir de agora.<\/p>\n<p>Deixo-te l\u00e1, como heran\u00e7a e sinal de continuidade, tr\u00eas objectos de culto, que em certo sentido fazem um s\u00f3: um Crucifixo; uma pequena est\u00e1tua do Imaculado Cora\u00e7\u00e3o de Maria; e uma imagem dos Beatos Francisco e Jacinta. Oxal\u00e1 te sirvam a ti, como me serviram a mim.\u201d<\/p>\n<p>Excerto do discurso de Mons. Luciano Guerra, no momento simb\u00f3lico de entrega da chave da Reitoria ao P.e Virg\u00edlio Antunes.<\/p>\n","protected":false},"excerpt":{"rendered":"<p>P.e Virg\u00edlio do Nascimento Antunes tomou posse no dia 25 de Setembro. Sucede a Mons. Luciano Guerra, que era Reitor do Santu\u00e1rio de F\u00e1tima desde 1973 O P.e Virg\u00edlio do Nascimento Antunes tomou posse como Reitor do Santu\u00e1rio de F\u00e1tima, em celebra\u00e7\u00e3o presidida pelo Bispo de Leiria-F\u00e1tima, D. Ant\u00f3nio Marto, no dia 25 de Setembro. [&hellip;]<\/p>\n","protected":false},"author":1,"featured_media":0,"comment_status":"open","ping_status":"open","sticky":false,"template":"","format":"standard","meta":{"footnotes":""},"categories":[44],"tags":[],"class_list":["post-13229","post","type-post","status-publish","format-standard","hentry","category-igreja"],"_links":{"self":[{"href":"https:\/\/sites.ecclesia.pt\/cv\/wp-json\/wp\/v2\/posts\/13229","targetHints":{"allow":["GET"]}}],"collection":[{"href":"https:\/\/sites.ecclesia.pt\/cv\/wp-json\/wp\/v2\/posts"}],"about":[{"href":"https:\/\/sites.ecclesia.pt\/cv\/wp-json\/wp\/v2\/types\/post"}],"author":[{"embeddable":true,"href":"https:\/\/sites.ecclesia.pt\/cv\/wp-json\/wp\/v2\/users\/1"}],"replies":[{"embeddable":true,"href":"https:\/\/sites.ecclesia.pt\/cv\/wp-json\/wp\/v2\/comments?post=13229"}],"version-history":[{"count":0,"href":"https:\/\/sites.ecclesia.pt\/cv\/wp-json\/wp\/v2\/posts\/13229\/revisions"}],"wp:attachment":[{"href":"https:\/\/sites.ecclesia.pt\/cv\/wp-json\/wp\/v2\/media?parent=13229"}],"wp:term":[{"taxonomy":"category","embeddable":true,"href":"https:\/\/sites.ecclesia.pt\/cv\/wp-json\/wp\/v2\/categories?post=13229"},{"taxonomy":"post_tag","embeddable":true,"href":"https:\/\/sites.ecclesia.pt\/cv\/wp-json\/wp\/v2\/tags?post=13229"}],"curies":[{"name":"wp","href":"https:\/\/api.w.org\/{rel}","templated":true}]}}