{"id":13230,"date":"2008-10-01T15:48:00","date_gmt":"2008-10-01T15:48:00","guid":{"rendered":"http:\/\/localhost:81\/wp1\/?p=13230"},"modified":"2008-10-01T15:48:00","modified_gmt":"2008-10-01T15:48:00","slug":"sinodo-dos-bispos-comeca-domingo","status":"publish","type":"post","link":"https:\/\/sites.ecclesia.pt\/cv\/sinodo-dos-bispos-comeca-domingo\/","title":{"rendered":"S\u00ednodo dos Bispos come\u00e7a Domingo"},"content":{"rendered":"<p>&#8220;A Palavra de Deus na vida e na miss\u00e3o da Igreja&#8221; <!--more--> Tem in\u00edcio no pr\u00f3ximo dia 5 e decorrer\u00e1 at\u00e9 26 de Outubro o S\u00ednodo dos Bispos sobre a Palavra de Deus. Portugal ser\u00e1 representado por D. Anacleto Oliveira e D. Ant\u00f3nio Taipa, respectivamente bispos auxiliares de Lisboa e do Porto.<\/p>\n<p>Segundo o documento de trabalho deste S\u00ednodo, apesar dos muitos progressos realizados, h\u00e1 ainda \u201caspectos problem\u00e1ticos\u201d em aberto, como a ignor\u00e2ncia e um \u201cnot\u00e1vel alheamento\u201d de muitos crist\u00e3os em rela\u00e7\u00e3o \u00e0 B\u00edblia.<\/p>\n<p>Antevendo a realiza\u00e7\u00e3o do S\u00ednodo, Bento XVI afirmou na semana passada aos bispos do Uruguai: \u201cA Palavra de Deus \u00e9 fonte e conte\u00fado do vosso minist\u00e9rio, tanto mais necess\u00e1rio num tempo no qual muitas outras vozes procuram silenciar Deus na vida pessoal e social, chamando os homens a seguir caminhos que comprometem a aut\u00eantica esperan\u00e7a, e se desinteressam da verdade firme onde pode descansar o cora\u00e7\u00e3o do ser humano\u201d.<\/p>\n<p>Bispos ouvem rabino<\/p>\n<p>Momento aguardado com expectativa \u00e9 o discurso na assembleia sinodal do rabino judeu Shear-Yashuv Cohen, da comiss\u00e3o mista Israel-Vaticano. Convidado por Bento XVI, o rabino vai falar na segunda-feira, 6 de Outubro, sobre a escritura hebraica na tradi\u00e7\u00e3o judaica.<\/p>\n<p>\u201cCaminho em conjunto\u201d<\/p>\n<p>Etimologicamente, a palavra \u201cs\u00ednodo\u201d deriva dos termos gregos \u201csyn\u201d (que significa com, em conjunto) y \u201codos\u201d (que significa caminho), expressando a ideia de caminhar juntos. O S\u00ednodo dos Bispos pode ser definido, em termos gerais, como uma assembleia de Bispos que representa o episcopado de todo o mundo e tem como tarefa ajudar o Papa no governo da Igreja, com o seu conselho, para procurar solu\u00e7\u00f5es pastorais que tenham validade e aplica\u00e7\u00e3o universal.<\/p>\n","protected":false},"excerpt":{"rendered":"<p>&#8220;A Palavra de Deus na vida e na miss\u00e3o da Igreja&#8221;<\/p>\n","protected":false},"author":1,"featured_media":0,"comment_status":"open","ping_status":"open","sticky":false,"template":"","format":"standard","meta":{"footnotes":""},"categories":[44],"tags":[],"class_list":["post-13230","post","type-post","status-publish","format-standard","hentry","category-igreja"],"_links":{"self":[{"href":"https:\/\/sites.ecclesia.pt\/cv\/wp-json\/wp\/v2\/posts\/13230","targetHints":{"allow":["GET"]}}],"collection":[{"href":"https:\/\/sites.ecclesia.pt\/cv\/wp-json\/wp\/v2\/posts"}],"about":[{"href":"https:\/\/sites.ecclesia.pt\/cv\/wp-json\/wp\/v2\/types\/post"}],"author":[{"embeddable":true,"href":"https:\/\/sites.ecclesia.pt\/cv\/wp-json\/wp\/v2\/users\/1"}],"replies":[{"embeddable":true,"href":"https:\/\/sites.ecclesia.pt\/cv\/wp-json\/wp\/v2\/comments?post=13230"}],"version-history":[{"count":0,"href":"https:\/\/sites.ecclesia.pt\/cv\/wp-json\/wp\/v2\/posts\/13230\/revisions"}],"wp:attachment":[{"href":"https:\/\/sites.ecclesia.pt\/cv\/wp-json\/wp\/v2\/media?parent=13230"}],"wp:term":[{"taxonomy":"category","embeddable":true,"href":"https:\/\/sites.ecclesia.pt\/cv\/wp-json\/wp\/v2\/categories?post=13230"},{"taxonomy":"post_tag","embeddable":true,"href":"https:\/\/sites.ecclesia.pt\/cv\/wp-json\/wp\/v2\/tags?post=13230"}],"curies":[{"name":"wp","href":"https:\/\/api.w.org\/{rel}","templated":true}]}}