{"id":13231,"date":"2008-10-01T15:52:00","date_gmt":"2008-10-01T15:52:00","guid":{"rendered":"http:\/\/localhost:81\/wp1\/?p=13231"},"modified":"2008-10-01T15:52:00","modified_gmt":"2008-10-01T15:52:00","slug":"o-nosso-seminario-de-santa-joana-princesa-ja-abriu-as-suas-portas","status":"publish","type":"post","link":"https:\/\/sites.ecclesia.pt\/cv\/o-nosso-seminario-de-santa-joana-princesa-ja-abriu-as-suas-portas\/","title":{"rendered":"O nosso Semin\u00e1rio de Santa Joana Princesa j\u00e1 abriu as suas portas"},"content":{"rendered":"<p>Pelo Semin\u00e1rio Diocesano <!--more--> O nosso Semin\u00e1rio de Santa Joana Princesa j\u00e1 abriu as suas portas. \u00c9 uma boa not\u00edcia para todos. E entraram no dia 7 de Setembro oito jovens rapazes, bem dispostos, apoiados pelas suas fam\u00edlias, iniciando assim uma bela aventura!<\/p>\n<p>Tendo feito o seu percurso no Pr\u00e9-Semin\u00e1rio, desejaram continuar agora como comunidade residente, procurando perseguir o que o Papa Jo\u00e3o Paulo II escreveu: \u201cPreparar-se para seguir Cristo Redentor com \u00e2nimo generoso e cora\u00e7\u00e3o puro \u00e9 o objectivo do Semin\u00e1rio menor (\u201cDar-vos-ei Pastores\u201d 63).<\/p>\n<p>S\u00e3o eles: do 10.\u00ba ano de escolaridade, o Bruno, que vem de Irij\u00f3 (par\u00f3quia de Rocas do Vouga), o F\u00e1bio, de Pessegueiro do Vouga, o Gabriel da Costa do Valado (Oliveirinha), os irm\u00e3os Pedro e R\u00faben, da par\u00f3quia da Ribeira de Fr\u00e1guas; do 11.\u00ba ano, o Jorge, de Recard\u00e3es, o Pedro, de Salreu. Por fim, no 12.\u00ba ano, temos o Tiago, da par\u00f3quia de S. Salvador de \u00cdlhavo.<\/p>\n<p>N\u00e3o podemos descurar na sua forma\u00e7\u00e3o humana o percurso escolar normal. Assim, desejando o melhor para eles, avaliada a nossa realidade e ponderadas as possibilidades de solu\u00e7\u00e3o, decidiu-se que o 10.\u00ba ano fosse frequentado na Escola Secund\u00e1ria Homem Cristo e os mais velhos na Escola Jos\u00e9 Est\u00eav\u00e3o, ambas na cidade de Aveiro. Particip\u00e1mos nas sess\u00f5es de apresenta\u00e7\u00e3o da comunidade escolar e dos encarregados de educa\u00e7\u00e3o. Fic\u00e1mos satisfeitos pelo acolhimento e ambiente que vivemos.<\/p>\n<p>A equipa de padres que acompanhar\u00e1 os jovens seminaristas \u00e9 constitu\u00edda pelo P.e Virg\u00edlio Maia e o P.e Jo\u00e3o Paulo Henriques, coadjuvados na direc\u00e7\u00e3o espiritual pelo P.e Lu\u00eds Barbosa, p\u00e1roco de S. Bernardo, e tendo como confessor o P.e \u00c2ngelo, vig\u00e1rio da Par\u00f3quia da Gl\u00f3ria (S\u00e9). Nas sextas-feiras, s\u00e1bados e domingos teremos a companhia e a ajuda do seminarista maior Jo\u00e3o Gon\u00e7alves, como complemento da sua forma\u00e7\u00e3o curricular.<\/p>\n<p>Mas a comunidade do Semin\u00e1rio conta ainda com as Irm\u00e3s do Amor de Deus, com o seu carinho e aten\u00e7\u00e3o dedicada, sem poupan\u00e7a de esfor\u00e7os, como uma m\u00e3e providente e atenta nos cuidados da alimenta\u00e7\u00e3o, asseio das roupas e da casa. As irm\u00e3s s\u00e3o auxiliadas por algumas pessoas assalariadas.<\/p>\n<p>Por perto temos tamb\u00e9m a presen\u00e7a amiga, exemplar e encorajante de D. Ant\u00f3nio Marcelino e dos sacerdotes residentes no Semin\u00e1rio.<\/p>\n<p>Terminamos partilhando convosco tr\u00eas pedidos \u2013 preocupa\u00e7\u00f5es para podermos \u201cdar vida ao Semin\u00e1rio\u201d:<\/p>\n<p>1 &#8211; A ora\u00e7\u00e3o \u201cintensa\u201d, confiante e perseverante ao Pai para que mande trabalhadores para a sua seara e seja sustentado e entusiasmado o Semin\u00e1rio Diocesano, cada um na sua fun\u00e7\u00e3o.<\/p>\n<p>2 &#8211; Movidos pela gratid\u00e3o e pelo amor \u00e0 Igreja, lancemos o desafio pessoal e directo \u00e0s crian\u00e7as e jovens, estando atentos aos sinais indicadores de uma poss\u00edvel voca\u00e7\u00e3o sacerdotal. \u201c\u2026 A voca\u00e7\u00e3o sacerdotal tem muitas vezes o seu primeiro momento de manifesta\u00e7\u00e3o nos anos da pr\u00e9-adolesc\u00eancia ou nos primeiros anos da juventude\u201d (\u201cDar-vos-ei Pastores\u201d 63).<\/p>\n<p>3 &#8211; Participemos com generosidade numa bolsa de estudos em favor dos seminaristas mais carenciados da Diocese de modo a que o peso dos custos partilhados seja melhor suportado.<\/p>\n<p>\u201cCumpre-nos dar vida ao nosso Semin\u00e1rio para que nele cres\u00e7a tamb\u00e9m o futuro da Igreja de Aveiro\u201d (D. Ant\u00f3nio Francisco).<\/p>\n<p>At\u00e9 breve.<\/p>\n<p>A Equipa do Semin\u00e1rio<\/p>\n","protected":false},"excerpt":{"rendered":"<p>Pelo Semin\u00e1rio Diocesano<\/p>\n","protected":false},"author":1,"featured_media":0,"comment_status":"open","ping_status":"open","sticky":false,"template":"","format":"standard","meta":{"footnotes":""},"categories":[38],"tags":[],"class_list":["post-13231","post","type-post","status-publish","format-standard","hentry","category-destaque"],"_links":{"self":[{"href":"https:\/\/sites.ecclesia.pt\/cv\/wp-json\/wp\/v2\/posts\/13231","targetHints":{"allow":["GET"]}}],"collection":[{"href":"https:\/\/sites.ecclesia.pt\/cv\/wp-json\/wp\/v2\/posts"}],"about":[{"href":"https:\/\/sites.ecclesia.pt\/cv\/wp-json\/wp\/v2\/types\/post"}],"author":[{"embeddable":true,"href":"https:\/\/sites.ecclesia.pt\/cv\/wp-json\/wp\/v2\/users\/1"}],"replies":[{"embeddable":true,"href":"https:\/\/sites.ecclesia.pt\/cv\/wp-json\/wp\/v2\/comments?post=13231"}],"version-history":[{"count":0,"href":"https:\/\/sites.ecclesia.pt\/cv\/wp-json\/wp\/v2\/posts\/13231\/revisions"}],"wp:attachment":[{"href":"https:\/\/sites.ecclesia.pt\/cv\/wp-json\/wp\/v2\/media?parent=13231"}],"wp:term":[{"taxonomy":"category","embeddable":true,"href":"https:\/\/sites.ecclesia.pt\/cv\/wp-json\/wp\/v2\/categories?post=13231"},{"taxonomy":"post_tag","embeddable":true,"href":"https:\/\/sites.ecclesia.pt\/cv\/wp-json\/wp\/v2\/tags?post=13231"}],"curies":[{"name":"wp","href":"https:\/\/api.w.org\/{rel}","templated":true}]}}