{"id":13232,"date":"2008-10-01T15:53:00","date_gmt":"2008-10-01T15:53:00","guid":{"rendered":"http:\/\/localhost:81\/wp1\/?p=13232"},"modified":"2008-10-01T15:53:00","modified_gmt":"2008-10-01T15:53:00","slug":"liberty-seguros-visitou-centro-de-acolhimento-infantil","status":"publish","type":"post","link":"https:\/\/sites.ecclesia.pt\/cv\/liberty-seguros-visitou-centro-de-acolhimento-infantil\/","title":{"rendered":"Liberty Seguros visitou Centro de Acolhimento Infantil"},"content":{"rendered":"<p>No passado dia 18 de Setembro, uma delega\u00e7\u00e3o da Liberty Seguros, composta pelo director do escrit\u00f3rio de Aveiro, Dr. Rui Pio, por um t\u00e9cnico comercial, por dois atletas de andebol do S. Bernardo (equipa patrocinada pela Liberty) e pela mascote da Liberty na \u00faltima volta a Portugal em bicicleta, \u201cO CICLAS\u201d, visitaram o Centro de Acolhimento Infantil da C\u00e1ritas Diocesana de Aveiro. Foram recebidos pelo presidente da direc\u00e7\u00e3o, di\u00e1cono Jos\u00e9 Alves e pela coordenadora\/directora t\u00e9cnica, Dr.\u00aa Ana Cristina Pinho. <\/p>\n<p>Esta visita, inserida no \u00e2mbito da ac\u00e7\u00e3o social da Liberty Seguros, esteve tamb\u00e9m na linha de outras que t\u00eam vindo a ser efectuadas por aquela institui\u00e7\u00e3o, e inicialmente prevista para a data em que a \u201cVolta\u201d passou em Aveiro, n\u00e3o sendo poss\u00edvel ent\u00e3o, por motivos log\u00edsticos.<\/p>\n<p>Foi uma manh\u00e3 diferente, com manifesta alegria por parte das crian\u00e7as, \u00e0s quais, no final foram distribu\u00eddas lembran\u00e7as que muito apreciaram.<\/p>\n<p>No decorrer deste evento, honrou-nos com a sua presen\u00e7a o Exm.\u00ba vereador do pelouro da Ac\u00e7\u00e3o Social da C\u00e2mara Municipal de Aveiro, Dr. Cap\u00e3o Filipe que se congratulou com a realiza\u00e7\u00e3o destas iniciativas, referindo que \u201c\u00e9 muito importante tudo o que se possa fazer em prol destas crian\u00e7as\u201d.<\/p>\n<p>Ainda antes de terminar a visita, o Dr. Rui Pio lan\u00e7ou um concurso de pintura para as crian\u00e7as, que tem por base \u201cO CICLAS\u201d, prometendo que vir\u00e1 novamente, desta vez para entregar os pr\u00e9mios atribu\u00eddos aos melhores trabalhos.<\/p>\n<p>Jos\u00e9 Alves<\/p>\n","protected":false},"excerpt":{"rendered":"<p>No passado dia 18 de Setembro, uma delega\u00e7\u00e3o da Liberty Seguros, composta pelo director do escrit\u00f3rio de Aveiro, Dr. Rui Pio, por um t\u00e9cnico comercial, por dois atletas de andebol do S. Bernardo (equipa patrocinada pela Liberty) e pela mascote da Liberty na \u00faltima volta a Portugal em bicicleta, \u201cO CICLAS\u201d, visitaram o Centro de [&hellip;]<\/p>\n","protected":false},"author":1,"featured_media":0,"comment_status":"open","ping_status":"open","sticky":false,"template":"","format":"standard","meta":{"footnotes":""},"categories":[38],"tags":[],"class_list":["post-13232","post","type-post","status-publish","format-standard","hentry","category-destaque"],"_links":{"self":[{"href":"https:\/\/sites.ecclesia.pt\/cv\/wp-json\/wp\/v2\/posts\/13232","targetHints":{"allow":["GET"]}}],"collection":[{"href":"https:\/\/sites.ecclesia.pt\/cv\/wp-json\/wp\/v2\/posts"}],"about":[{"href":"https:\/\/sites.ecclesia.pt\/cv\/wp-json\/wp\/v2\/types\/post"}],"author":[{"embeddable":true,"href":"https:\/\/sites.ecclesia.pt\/cv\/wp-json\/wp\/v2\/users\/1"}],"replies":[{"embeddable":true,"href":"https:\/\/sites.ecclesia.pt\/cv\/wp-json\/wp\/v2\/comments?post=13232"}],"version-history":[{"count":0,"href":"https:\/\/sites.ecclesia.pt\/cv\/wp-json\/wp\/v2\/posts\/13232\/revisions"}],"wp:attachment":[{"href":"https:\/\/sites.ecclesia.pt\/cv\/wp-json\/wp\/v2\/media?parent=13232"}],"wp:term":[{"taxonomy":"category","embeddable":true,"href":"https:\/\/sites.ecclesia.pt\/cv\/wp-json\/wp\/v2\/categories?post=13232"},{"taxonomy":"post_tag","embeddable":true,"href":"https:\/\/sites.ecclesia.pt\/cv\/wp-json\/wp\/v2\/tags?post=13232"}],"curies":[{"name":"wp","href":"https:\/\/api.w.org\/{rel}","templated":true}]}}