{"id":13233,"date":"2008-10-01T15:57:00","date_gmt":"2008-10-01T15:57:00","guid":{"rendered":"http:\/\/localhost:81\/wp1\/?p=13233"},"modified":"2008-10-01T15:57:00","modified_gmt":"2008-10-01T15:57:00","slug":"proximidade-crista-junto-dos-que-sofrem","status":"publish","type":"post","link":"https:\/\/sites.ecclesia.pt\/cv\/proximidade-crista-junto-dos-que-sofrem\/","title":{"rendered":"Proximidade crist\u00e3 junto dos que sofrem"},"content":{"rendered":"<p>Associa\u00e7\u00e3o dos Enfermeiros Cat\u00f3licos Reactivada <!--more--> Ap\u00f3s alguns anos de inactividade, a Associa\u00e7\u00e3o dos Enfermeiros Cat\u00f3licos da Diocese de Aveiro voltou ao activo, agora tendo como assistente o P.e Jos\u00e9 Sardo Fidalgo, nomeado recentemente pelo Bispo de Aveiro, D. Ant\u00f3nio Francisco.<\/p>\n<p>Na primeira reuni\u00e3o da associa\u00e7\u00e3o, realizada na passada semana, no Semin\u00e1rio de Aveiro, estiveram presentes enfermeiros oriundos de v\u00e1rias localidades da Diocese, que ouviram palavras de incentivo e de responsabiliza\u00e7\u00e3o, n\u00e3o s\u00f3 do respectivo assistente diocesano, mas tamb\u00e9m de D. Ant\u00f3nio Francisco e do coordenador nacional da Pastoral da Sa\u00fade, Monsenhor V\u00edtor Feytor Pinto. Textos de Cardoso Ferreira<\/p>\n<p>Na Diocese de Aveiro, a Associa\u00e7\u00e3o dos Enfermeiros Cat\u00f3licos esteve desactivada. Como sublinhou o Bispo da Diocese, D. Ant\u00f3nio Francisco, a reactiva\u00e7\u00e3o \u00e9 fundamental para a pastoral da sa\u00fade.<\/p>\n<p>\u201cNo ano passado, na aten\u00e7\u00e3o que me leva a olhar para uma reorganiza\u00e7\u00e3o pastoral e para uma dinamiza\u00e7\u00e3o de todos os movimentos e associa\u00e7\u00f5es, pensei em reactivar esta associa\u00e7\u00e3o dos enfermeiros cat\u00f3licos, porque me parece essencial, tendo n\u00f3s uma din\u00e2mica associa\u00e7\u00e3o de m\u00e9dicos cat\u00f3licos, termos tam-b\u00e9m uma associa\u00e7\u00e3o de enfermeiros cat\u00f3licos e um olhar atento para a pastoral da sa\u00fade, que est\u00e1 muito bem organizada na nossa diocese. Faltava s\u00f3 activar a Associa\u00e7\u00e3o dos Enfermeiros Cat\u00f3licos\u201d, afirma.<\/p>\n<p>Para o bispo aveirense, os enfermeiros s\u00e3o \u201cum elemento essencial da pastoral da sa\u00fade na vida da comunidade e da diocese\u201d. \u201cHoje, um servi\u00e7o de aten\u00e7\u00e3o, de humaniza\u00e7\u00e3o e de presen\u00e7a religiosa e, ao mesmo tempo, de proximidade dos crist\u00e3os junto daqueles que sofrem e das suas fam\u00edlias \u00e9 uma forma extraordin\u00e1ria de evangelizar e de acolher a pessoa em momentos de maior fragilidade\u201d, real\u00e7a. A associa\u00e7\u00e3o \u201cintegra-se perfeitamente no plano pastoral da diocese\u201d e, ao mesmo tempo, corresponde ao \u201cdesejo de que a Igreja seja sinal de esperan\u00e7a para o mundo e concretamente de esperan\u00e7a, al\u00edvio, alento, for\u00e7a e coragem para superar as dificuldades pr\u00f3prias da doen\u00e7a\u201d, afirma. Trata-se, em \u00faltima an\u00e1lise, de \u201cdar ao sofrimento uma dimens\u00e3o crist\u00e3, que \u00e9 uma dimens\u00e3o redentora\u201d, frisa o Bispo de Aveiro.<\/p>\n<p>Padre Jos\u00e9 Sardo Fidalgo <\/p>\n<p>\u201cQue o hospital tenha a vertente da humaniza\u00e7\u00e3o\u201d<\/p>\n<p>\u201c\u00c9 muito importante que um hospital tenha a vertente da humaniza\u00e7\u00e3o. Muitas vezes a tecnologia, &#8211; n\u00e3o quero dizer que abafe, -pode p\u00f4r em segundo plano a humaniza\u00e7\u00e3o dos hospitais. Os enfermeiros, pela sua perman\u00eancia junto do doente, t\u00eam uma possibilidade de gerir as suas emo\u00e7\u00f5es, ajudando o doente a gerir as suas pr\u00f3prias emo\u00e7\u00f5es. N\u00e3o \u00e9 que os m\u00e9dicos n\u00e3o sejam importantes, porque o s\u00e3o, mas o enfermeiro nesta \u00e1rea \u00e9 fundamental. Por isso, n\u00f3s queremos implementar na Diocese de Aveiro esta associa\u00e7\u00e3o, que esteve durante algum tempo sem funcionar, para que se desenvolva com a colabora\u00e7\u00e3o de todos e sempre com respeito pela autonomia dos hospitais, esta incid\u00eancia na humaniza\u00e7\u00e3o\u201d, afirmou o Padre Jos\u00e9 Sardo Fidalgo, assistente dos enfermeiros cat\u00f3licos da Diocese de Aveiro.<\/p>\n<p>Para o rec\u00e9m-nomeado assistente dos enfermeiros cat\u00f3licos, \u201co enfermeiro n\u00e3o tem apenas a rela\u00e7\u00e3o com o doente, tem rela\u00e7\u00e3o com os t\u00e9cnicos, os mais diversos, e com as fam\u00edlias. \u00c9 nesta simbiose dos t\u00e9cnicos, da fam\u00edlia e do doente que se pode dar a resposta que torna a pessoa feliz, mesmo dentro da debilidade humana\u201d.<\/p>\n<p>O P.e Jos\u00e9 Sardo Fidalgo real\u00e7ou que a associa\u00e7\u00e3o est\u00e1 aberta a todos os enfermeiros que queiram aderir, tanto os que trabalham em hospitais e centros de sa\u00fade p\u00fablicos como em gabinetes privados, tanto os enfermeiros que trabalham na \u00e1rea da Diocese de Aveiro como os que sendo desta regi\u00e3o trabalham em outras dioceses, porque \u201ca Igreja \u00e9, por natureza, universal, portanto, n\u00e3o h\u00e1 estanques ou tapumes, mas \u00e9 aberta. \u00c9 na abertura que se verifica a diversidade, mas que se pode conjugar na unidade\u201d.<\/p>\n<p>A par disso, a rec\u00e9m-activada associa\u00e7\u00e3o de enfermeiros cat\u00f3licos tamb\u00e9m deve estar aberta a todos os enfermeiros, incluindo aqueles que \u201cmesmo n\u00e3o tendo pr\u00e1ticas religiosas, tenham os valores veiculados pelo Evangelho. Jesus disse \u2018amar a Deus e ao pr\u00f3ximo, e reconhecer\u00e3o que sois meus disc\u00edpulos se vos amardes\u2019, \u00e9 isto que eu quero p\u00f4r em pr\u00e1tica, \u00e9 uma tarefa dif\u00edcil mas julgo que \u00e9 poss\u00edvel com ajuda\u201d, sublinhou o P.e Jos\u00e9 Sardo Fidalgo. O assistente defendeu ainda uma estreita colabora\u00e7\u00e3o entre esta associa\u00e7\u00e3o e a associa\u00e7\u00e3o dos m\u00e9dicos cat\u00f3licos, que se encontra activa na Diocese de Aveiro.<\/p>\n<p>Monsenhor V\u00edtor Feytor Pinto<\/p>\n<p>Criar em cada par\u00f3quia um grupo pastoral da sa\u00fade<\/p>\n<p>\u201cA Pastoral de Sa\u00fade tem tr\u00eas \u00e1reas distintas. Uma delas \u00e9 o apoio aos doentes nos hospitais, outra \u00e9 a educa\u00e7\u00e3o para a sa\u00fade e outra, muito importante, \u00e9 a assist\u00eancia aos doentes e \u00e0s pessoas que precisam de ser informadas sobre problemas de sa\u00fade a partir das pr\u00f3prias comunidades paroquiais\u201d, revelou Mons. Victor Feytor Pinto, coordenador nacional da Pastoral da Sa\u00fade.<\/p>\n<p>Na Pastoral da Sa\u00fade, diz, \u201cn\u00f3s n\u00e3o trabalhamos s\u00f3 com os doentes; trabalhamos tamb\u00e9m com os profissionais de sa\u00fade, classe onde est\u00e3o os m\u00e9dicos, os enfermeiros, os auxiliares de ac\u00e7\u00e3o m\u00e9dica e os capel\u00e3es hospitalares. Todos eles formam um grupo de profissionais de grande qualidade. Dentro dessa perspectiva, conv\u00e9m que os enfermeiros, que se reclamam de crist\u00e3os, em determinados campos saibam realmente ter uma atitude muito clara de respeito pela vida, de apoio \u00e0s pessoas que est\u00e3o em sofrimento. Por isso, n\u00f3s temos as \u00e1reas de interven\u00e7\u00e3o que propomos aos enfermeiros cat\u00f3licos: grande compet\u00eancia; sensibilidade \u00e9tica e aprofundamento de todos os problemas que se relacionam com a bio\u00e9tica; iniciativas fortes e humaniza\u00e7\u00e3o para a sa\u00fade; criar um bom clima de classe, de tal maneira que n\u00e3o s\u00f3 respeitem, mas colaborem na Ordem dos Enfermeiros e nos sindicatos, onde a sua presen\u00e7a, a sua palavra e toda a sua compet\u00eancia podem ser extraordinariamente importante para garantir todos os direitos de classe e todas as responsabilidades que os enfermeiros t\u00eam na sua vida\u201d.<\/p>\n<p>A dimens\u00e3o espiritual \u00e9 igualmente importante. \u201cSe um doente pede apoio espiritual a um enfermeiro, ele pode dar esse apoio ou estabelecer a ponte para que os pastoralistas da sa\u00fade \u2013 capel\u00e3es hospitalares, p\u00e1rocos \u2013 possam dar o apoio espiritual que aquele doente reclama\u201d, real\u00e7ou Feytor Pinto.<\/p>\n<p>O apoio dos enfermeiros cat\u00f3licos pode ser prestado que nos hospitais, quer no domicili\u00e1rio e sobretudo atrav\u00e9s dos grupos de pastoral da sa\u00fade nas comunidades paroquiais. \u201cCada par\u00f3quia deveria ter um grupo de pastoral de sa\u00fade (na diocese de Lisboa j\u00e1 temos umas 24 par\u00f3quias que t\u00eam isso) que em colabora\u00e7\u00e3o com a pastoral social vai ao encontro da pessoa que est\u00e1 com problemas e a ajuda em todos os aspectos da sua vida\u201d, explicou o coordenador nacional da Pastoral da Sa\u00fade.<\/p>\n<p>O enfermeiro \u00e9 aquele que est\u00e1 \u00e0 cabeceira do doente<\/p>\n<p>Para o Padre Jo\u00e3o Gon\u00e7alves, vig\u00e1rio diocesano da Pastoral da Social e da Pastoral da Sa\u00fade, capel\u00e3o do Hospital Infante D. Pedro de Aveiro e coordenador dos capel\u00e3es da Diocese de Aveiro (que inclui os hospitais de \u00c1gueda, Anadia e Salreu \/ Estarreja), a Associa\u00e7\u00e3o dos Enfermeiros Cat\u00f3licos \u00e9 uma forma de chamar a \u201caten\u00e7\u00e3o para a bonita forma que os enfermeiros t\u00eam de passar valores humanos e crist\u00e3os na sua actividade de rela\u00e7\u00e3o com os doentes\u201d.<\/p>\n<p>O tamb\u00e9m assistente diocesano da Associa\u00e7\u00e3o dos M\u00e9dicos Cat\u00f3licos sublinhou que faltava reorganizar esta associa\u00e7\u00e3o dos enfermeiros cat\u00f3licos, at\u00e9 porque \u201cos enfermeiros s\u00e3o aqueles que est\u00e3o \u00e0 cabeceira do doente\u201d. \u201cO enfermeiro \u00e9 um t\u00e9cnico de sa\u00fade, mas tamb\u00e9m tem de ser um mediador de humaniza\u00e7\u00e3o e de humanidade na presen\u00e7a do doente. O enfermeiro passa as longas horas de solid\u00e3o \u00e0 cabeceira do doente, fala com o doente, aplica os medicamentos que foram receitados pelo m\u00e9dico, \u00e9 o confidente do doente\u201d, lembra.<\/p>\n<p>Se o enfermeiro j\u00e1 sente essa voca\u00e7\u00e3o pela sua pr\u00f3pria forma\u00e7\u00e3o acad\u00e9mica, \u201ccomo crist\u00e3o deve redobrar essa obriga\u00e7\u00e3o de apoio ao doente, porque um crist\u00e3o, quando tem diante de si um doente, tem um novo \u2018Cristo\u2019. Como Jesus Cristo disse \u00abestive doente e foste-me visitar\u00bb. O enfermeiro crist\u00e3o tamb\u00e9m deve ter diante de si esta dimens\u00e3o\u201d, sublinha.<\/p>\n","protected":false},"excerpt":{"rendered":"<p>Associa\u00e7\u00e3o dos Enfermeiros Cat\u00f3licos Reactivada<\/p>\n","protected":false},"author":1,"featured_media":0,"comment_status":"open","ping_status":"open","sticky":false,"template":"","format":"standard","meta":{"footnotes":""},"categories":[38],"tags":[],"class_list":["post-13233","post","type-post","status-publish","format-standard","hentry","category-destaque"],"_links":{"self":[{"href":"https:\/\/sites.ecclesia.pt\/cv\/wp-json\/wp\/v2\/posts\/13233","targetHints":{"allow":["GET"]}}],"collection":[{"href":"https:\/\/sites.ecclesia.pt\/cv\/wp-json\/wp\/v2\/posts"}],"about":[{"href":"https:\/\/sites.ecclesia.pt\/cv\/wp-json\/wp\/v2\/types\/post"}],"author":[{"embeddable":true,"href":"https:\/\/sites.ecclesia.pt\/cv\/wp-json\/wp\/v2\/users\/1"}],"replies":[{"embeddable":true,"href":"https:\/\/sites.ecclesia.pt\/cv\/wp-json\/wp\/v2\/comments?post=13233"}],"version-history":[{"count":0,"href":"https:\/\/sites.ecclesia.pt\/cv\/wp-json\/wp\/v2\/posts\/13233\/revisions"}],"wp:attachment":[{"href":"https:\/\/sites.ecclesia.pt\/cv\/wp-json\/wp\/v2\/media?parent=13233"}],"wp:term":[{"taxonomy":"category","embeddable":true,"href":"https:\/\/sites.ecclesia.pt\/cv\/wp-json\/wp\/v2\/categories?post=13233"},{"taxonomy":"post_tag","embeddable":true,"href":"https:\/\/sites.ecclesia.pt\/cv\/wp-json\/wp\/v2\/tags?post=13233"}],"curies":[{"name":"wp","href":"https:\/\/api.w.org\/{rel}","templated":true}]}}