{"id":13234,"date":"2008-10-01T15:59:00","date_gmt":"2008-10-01T15:59:00","guid":{"rendered":"http:\/\/localhost:81\/wp1\/?p=13234"},"modified":"2008-10-01T15:59:00","modified_gmt":"2008-10-01T15:59:00","slug":"tres-casas-brasonadas-a-venda-em-zonas-historicas-da-cidade","status":"publish","type":"post","link":"https:\/\/sites.ecclesia.pt\/cv\/tres-casas-brasonadas-a-venda-em-zonas-historicas-da-cidade\/","title":{"rendered":"Tr\u00eas casas brasonadas \u00e0 venda em zonas hist\u00f3ricas da cidade"},"content":{"rendered":"<p>Na cidade de Aveiro ainda existem alguns n\u00facleos de habita\u00e7\u00f5es origin\u00e1rias do s\u00e9culo XVII e XVIII, relativamente bem preservados ao n\u00edvel das fachadas. Os principais localizam-se ao longo da antiga Rua Direita (Rua Combatentes da Grande Guerra) e do eixo vi\u00e1rio formado pelas ruas Manuel Firmino \/ Gravito \/ Carmo. <\/p>\n<p>A par dessas seculares habita\u00e7\u00f5es, persistem na cidade algumas (poucas) casas nobres brasonadas, tr\u00eas das quais est\u00e3o actualmente \u00e0 venda. Duas destas s\u00e3o seiscentistas, enquanto outra foi erguida no s\u00e9culo XIX.<\/p>\n<p>Junto \u00e0 Igreja de Nossa Senhora da Apresenta\u00e7\u00e3o (tamb\u00e9m conhecida por Vera Cruz), est\u00e1 \u00e0 venda uma casa do s\u00e9culo XVII, que outrora foi palacete dos Morgados da Granja. Sobre esta casa escreveu A. Nogueira Gon\u00e7alves, no livro \u201cInvent\u00e1rio Art\u00edstico de Portugal \/ Distrito de Aveiro \/ Zona Sul\u201d, publicado pela Academia Nacional de Belas Artes, no ano de 1959: \u201cNo alto da Rua Larga, entre a do Vento e a do Campi\u00e3o das Prov\u00edncias, com a esquina em direc\u00e7\u00e3o \u00e0quela, ergue-se um pa\u00e7o do s\u00e9c. XVII. Volta para cada uma destas duas ruas tr\u00eas sacadas de vergas direitas e de cornijas, apoiando-se as bacias em cachorros, as quais se ligam mutuamente pelo cord\u00e3o divis\u00f3rio dos pisos. As grades s\u00e3o de var\u00f5es galbados. Faz-se a entrada pela Rua do Vento, pelo p\u00e1tio e escada com alpendre no patamar. Crava-se o bras\u00e3o, que as caia\u00e7\u00f5es tornaram indistinto, na esquina e que o emaranhado de fios el\u00e9ctricos desnatura\u201d.<\/p>\n<p>A segunda casa seiscentista actualmente \u00e0 venda fica no final da Rua do Gravito e in\u00edcio da Rua do Carmo. Esse palacete tamb\u00e9m foi referido por A. Nogueira Gon\u00e7alves no referido livro: \u201cUm outro grande pa\u00e7o faz frente para a R. do Carril e, pelas excessivas parcela\u00e7\u00f5es nominais do mesmo tra\u00e7ado vi\u00e1rio, possui parte da numera\u00e7\u00e3o da R. do Gravito e parte da R. do Carmo. Desenha igualmente o plano uma chaveta, com port\u00e3o e muro a fechar o p\u00e1tio. Data do s\u00e9c. XVII mas teve reformas posteriores, como a do port\u00e3o de gosto setecentista, podendo ser mais tardio. S\u00e3o de calc\u00e1rio as cantarias antigas, de granito as modernas. O corpo da direita era o secund\u00e1rio, o dos comuns, com quatro grades do tipo galbado, em sacadas rasgadas mais tardamente. Ao andar nobre da esquerda d\u00e1 acesso a costumada escada encostada, de pequeno alpendre de telhado agudo e duas colunas. S\u00e3o seis sacadas nesta fachada, de v\u00e3os rectangulares, cimalhas e grades de var\u00f5es anelados; sendo igualmente adintelados os dos p\u00e1tio. Na esquina extrema crava-se ainda uma pedra rectangular, estando infelizmente raspado o bras\u00e3o\u201d.<\/p>\n<p>A casa brasonada, datada do s\u00e9culo XIX, que se encontra \u00e0 venda ergue-se na esquina das ruas Combatentes da Grande Guerra e Nascimento Leit\u00e3o. Aludindo a este im\u00f3vel nobre, Artur Jorge Almeida escreveu no Boletim n\u00ba 2 da ADERAV, publicado em Maio de 1980: \u201c\u2026Foi mandado construir no in\u00edcio do s\u00e9culo passado por Manuel de Moura Marinho. Nele funcionou o Governo Civil aquando da cria\u00e7\u00e3o do Distrito. Foi comprado pelo ent\u00e3o brigadeiro Pedro Ant\u00f3nio Rebocho Freire de Andrade e Albuquerque, em 10 de Julho de 1842, pela quantia de 1700$00, a Francisco de Assis Marinho e Moura e a seu irm\u00e3o Jos\u00e9 Ant\u00f3nio de Moura Marinho, de Viseu, filhos do referido Manuel de Moura Marinho\u201d. A fachada da Rua Direita ostenta o bras\u00e3o do Visconde de Santo Ant\u00f3nio, do qual est\u00e1 uma r\u00e9plica sobre o port\u00e3o lateral (na Rua Nascimento Leit\u00e3o). \u201cNo interior do edif\u00edcio, encontra-se uma capela, que chegou a ser considerada o mais importante orat\u00f3rio existente na cidade\u201d. De real\u00e7ar que Manuel de Moura Marinho tamb\u00e9m mandou construir um palheiro na Costa Nova, posteriormente comprado pelo famoso aveirense Jos\u00e9 Est\u00eav\u00e3o, que ainda hoje se ergue na entrada norte daquela praia.<\/p>\n","protected":false},"excerpt":{"rendered":"<p>Na cidade de Aveiro ainda existem alguns n\u00facleos de habita\u00e7\u00f5es origin\u00e1rias do s\u00e9culo XVII e XVIII, relativamente bem preservados ao n\u00edvel das fachadas. Os principais localizam-se ao longo da antiga Rua Direita (Rua Combatentes da Grande Guerra) e do eixo vi\u00e1rio formado pelas ruas Manuel Firmino \/ Gravito \/ Carmo. A par dessas seculares habita\u00e7\u00f5es, [&hellip;]<\/p>\n","protected":false},"author":1,"featured_media":0,"comment_status":"open","ping_status":"open","sticky":false,"template":"","format":"standard","meta":{"footnotes":""},"categories":[45],"tags":[],"class_list":["post-13234","post","type-post","status-publish","format-standard","hentry","category-regioes"],"_links":{"self":[{"href":"https:\/\/sites.ecclesia.pt\/cv\/wp-json\/wp\/v2\/posts\/13234","targetHints":{"allow":["GET"]}}],"collection":[{"href":"https:\/\/sites.ecclesia.pt\/cv\/wp-json\/wp\/v2\/posts"}],"about":[{"href":"https:\/\/sites.ecclesia.pt\/cv\/wp-json\/wp\/v2\/types\/post"}],"author":[{"embeddable":true,"href":"https:\/\/sites.ecclesia.pt\/cv\/wp-json\/wp\/v2\/users\/1"}],"replies":[{"embeddable":true,"href":"https:\/\/sites.ecclesia.pt\/cv\/wp-json\/wp\/v2\/comments?post=13234"}],"version-history":[{"count":0,"href":"https:\/\/sites.ecclesia.pt\/cv\/wp-json\/wp\/v2\/posts\/13234\/revisions"}],"wp:attachment":[{"href":"https:\/\/sites.ecclesia.pt\/cv\/wp-json\/wp\/v2\/media?parent=13234"}],"wp:term":[{"taxonomy":"category","embeddable":true,"href":"https:\/\/sites.ecclesia.pt\/cv\/wp-json\/wp\/v2\/categories?post=13234"},{"taxonomy":"post_tag","embeddable":true,"href":"https:\/\/sites.ecclesia.pt\/cv\/wp-json\/wp\/v2\/tags?post=13234"}],"curies":[{"name":"wp","href":"https:\/\/api.w.org\/{rel}","templated":true}]}}