{"id":13235,"date":"2008-10-01T16:01:00","date_gmt":"2008-10-01T16:01:00","guid":{"rendered":"http:\/\/localhost:81\/wp1\/?p=13235"},"modified":"2008-10-01T16:01:00","modified_gmt":"2008-10-01T16:01:00","slug":"arquitectura-sustentavel-em-congresso","status":"publish","type":"post","link":"https:\/\/sites.ecclesia.pt\/cv\/arquitectura-sustentavel-em-congresso\/","title":{"rendered":"Arquitectura sustent\u00e1vel em congresso"},"content":{"rendered":"<p>No Audit\u00f3rio da Reitoria da Universidade de Aveiro <!--more--> \u201cFuturo com passado\u201d \u00e9 o t\u00edtulo gen\u00e9rico do congresso sobre arquitectura sustent\u00e1vel que ir\u00e1 decorrer no audit\u00f3rio da Reitoria da Universidade de Aveiro, nos dias 3 e 4 de Outubro, organizado conjuntamente pelo NAAV (N\u00facleo de Arquitectos de Aveiro) e Grupo Habitar (Associa\u00e7\u00e3o Portuguesa para a Promo\u00e7\u00e3o da Qualidade Habitacional), em parceria com a Universidade de Aveiro.<\/p>\n<p>Na manh\u00e3 de sexta-feira estar\u00e3o em debate, entre outros temas, a \u201ceco-arquitectura\u201d e a \u201carquitectura em terra\u201d. No painel da tarde destacam-se temas como \u201ccaracteriza\u00e7\u00e3o das constru\u00e7\u00f5es existentes em adobe na regi\u00e3o de Aveiro\u201d, \u201ccontributos para um urbanismo mais sustent\u00e1vel \u2013 coberturas ajardinadas\u201d, \u201co contributo do desenho urbano para uma arquitectura bioclim\u00e1tica\u201d e \u201ca contribui\u00e7\u00e3o das novas tecnologias na sustentabilidade da habita\u00e7\u00e3o\u201d.<\/p>\n<p>O painel da manh\u00e3 de s\u00e1bado inclui temas como \u201ccertifica\u00e7\u00e3o ambiental da constru\u00e7\u00e3o sustent\u00e1vel \u2013 Sistema liderA\u201d e \u201cprojectar com princ\u00edpios sustent\u00e1veis\u201d, sendo tamb\u00e9m apresentado o primeiro empreendimento cooperativo de constru\u00e7\u00e3o sustent\u00e1vel em Portugal \u2013 Ponte da Pedra, e o projecto da Aveiro Domus. De tarde, ser\u00e3o analisados temas como \u201cos outros aspectos da sustentabilidade: da satisfa\u00e7\u00e3o residencial \u00e0 qualidade arquitect\u00f3nica\u201d, \u201cprinc\u00edpios e pr\u00e1ticas de projecto para uma arquitectura sustent\u00e1vel\u201d, \u201crela\u00e7\u00f5es entre espa\u00e7o urbano e espa\u00e7o rural baseado numa vis\u00e3o alargada do conceito de territ\u00f3rio\u201d e \u201cperspectiva cr\u00edtica\/positiva da sustentabilidade e do projecto de arquitectura\u201d.<\/p>\n<p>Em paralelo com o congresso est\u00e1 a decorrer, desde segunda-feira, um workshop sobre arquitectura sustent\u00e1vel. O evento inclui a realiza\u00e7\u00e3o de tr\u00eas exposi\u00e7\u00f5es: uma sobre a casa do futuro, numa iniciativa da Aveiro Domus, uma mostra com propostas apresentadas no workshop e outra dos patrocinadores do congresso. Na noite de sexta-feira, ter\u00e1 lugar a Festa de Arquitectura do NAAV, na sede deste n\u00facleo.<\/p>\n","protected":false},"excerpt":{"rendered":"<p>No Audit\u00f3rio da Reitoria da Universidade de Aveiro<\/p>\n","protected":false},"author":1,"featured_media":0,"comment_status":"open","ping_status":"open","sticky":false,"template":"","format":"standard","meta":{"footnotes":""},"categories":[45],"tags":[],"class_list":["post-13235","post","type-post","status-publish","format-standard","hentry","category-regioes"],"_links":{"self":[{"href":"https:\/\/sites.ecclesia.pt\/cv\/wp-json\/wp\/v2\/posts\/13235","targetHints":{"allow":["GET"]}}],"collection":[{"href":"https:\/\/sites.ecclesia.pt\/cv\/wp-json\/wp\/v2\/posts"}],"about":[{"href":"https:\/\/sites.ecclesia.pt\/cv\/wp-json\/wp\/v2\/types\/post"}],"author":[{"embeddable":true,"href":"https:\/\/sites.ecclesia.pt\/cv\/wp-json\/wp\/v2\/users\/1"}],"replies":[{"embeddable":true,"href":"https:\/\/sites.ecclesia.pt\/cv\/wp-json\/wp\/v2\/comments?post=13235"}],"version-history":[{"count":0,"href":"https:\/\/sites.ecclesia.pt\/cv\/wp-json\/wp\/v2\/posts\/13235\/revisions"}],"wp:attachment":[{"href":"https:\/\/sites.ecclesia.pt\/cv\/wp-json\/wp\/v2\/media?parent=13235"}],"wp:term":[{"taxonomy":"category","embeddable":true,"href":"https:\/\/sites.ecclesia.pt\/cv\/wp-json\/wp\/v2\/categories?post=13235"},{"taxonomy":"post_tag","embeddable":true,"href":"https:\/\/sites.ecclesia.pt\/cv\/wp-json\/wp\/v2\/tags?post=13235"}],"curies":[{"name":"wp","href":"https:\/\/api.w.org\/{rel}","templated":true}]}}