{"id":13236,"date":"2008-10-01T16:03:00","date_gmt":"2008-10-01T16:03:00","guid":{"rendered":"http:\/\/localhost:81\/wp1\/?p=13236"},"modified":"2008-10-01T16:03:00","modified_gmt":"2008-10-01T16:03:00","slug":"coreto-do-parque-infante-d-pedro","status":"publish","type":"post","link":"https:\/\/sites.ecclesia.pt\/cv\/coreto-do-parque-infante-d-pedro\/","title":{"rendered":"Coreto do Parque Infante D. Pedro"},"content":{"rendered":"<p>Im\u00f3veis de Interesse P\u00fablico <!--more--> O Coreto do Parque Infante D. Pedro \u00e9 o mais recente Im\u00f3vel de Interesse Municipal. A sua classifica\u00e7\u00e3o foi homologada j\u00e1 no corrente ano, ainda que o in\u00edcio do processo remonte a 2003, ano em que o coreto obteve a classifica\u00e7\u00e3o por parte do executivo municipal aveirense.<\/p>\n<p>A data prov\u00e1vel de constru\u00e7\u00e3o do Coreto do Parque Infante D. Pedro \u00e9 o ano de 1905, segundo desenho do Eng. Ara\u00fajo e Silva (personagem que \u00e9 patrono da rua que passa junto ao jardim onde se ergue o coreto). Foi constru\u00eddo com ferros oriundos de uma oficina de Vila Nova de Gaia. Este coreto \u00e9 considerado um dos melhores exemplares da arquitectura de ferro \u201cArte Nova\u201d existente em Aveiro. <\/p>\n<p>C.F.<\/p>\n","protected":false},"excerpt":{"rendered":"<p>Im\u00f3veis de Interesse P\u00fablico<\/p>\n","protected":false},"author":1,"featured_media":0,"comment_status":"open","ping_status":"open","sticky":false,"template":"","format":"standard","meta":{"footnotes":""},"categories":[45],"tags":[],"class_list":["post-13236","post","type-post","status-publish","format-standard","hentry","category-regioes"],"_links":{"self":[{"href":"https:\/\/sites.ecclesia.pt\/cv\/wp-json\/wp\/v2\/posts\/13236","targetHints":{"allow":["GET"]}}],"collection":[{"href":"https:\/\/sites.ecclesia.pt\/cv\/wp-json\/wp\/v2\/posts"}],"about":[{"href":"https:\/\/sites.ecclesia.pt\/cv\/wp-json\/wp\/v2\/types\/post"}],"author":[{"embeddable":true,"href":"https:\/\/sites.ecclesia.pt\/cv\/wp-json\/wp\/v2\/users\/1"}],"replies":[{"embeddable":true,"href":"https:\/\/sites.ecclesia.pt\/cv\/wp-json\/wp\/v2\/comments?post=13236"}],"version-history":[{"count":0,"href":"https:\/\/sites.ecclesia.pt\/cv\/wp-json\/wp\/v2\/posts\/13236\/revisions"}],"wp:attachment":[{"href":"https:\/\/sites.ecclesia.pt\/cv\/wp-json\/wp\/v2\/media?parent=13236"}],"wp:term":[{"taxonomy":"category","embeddable":true,"href":"https:\/\/sites.ecclesia.pt\/cv\/wp-json\/wp\/v2\/categories?post=13236"},{"taxonomy":"post_tag","embeddable":true,"href":"https:\/\/sites.ecclesia.pt\/cv\/wp-json\/wp\/v2\/tags?post=13236"}],"curies":[{"name":"wp","href":"https:\/\/api.w.org\/{rel}","templated":true}]}}