{"id":13237,"date":"2008-10-01T16:04:00","date_gmt":"2008-10-01T16:04:00","guid":{"rendered":"http:\/\/localhost:81\/wp1\/?p=13237"},"modified":"2008-10-01T16:04:00","modified_gmt":"2008-10-01T16:04:00","slug":"cavaco-silva-inaugura-escola-em-albergaria-a-velha","status":"publish","type":"post","link":"https:\/\/sites.ecclesia.pt\/cv\/cavaco-silva-inaugura-escola-em-albergaria-a-velha\/","title":{"rendered":"Cavaco Silva inaugura Escola em Albergaria-a-Velha"},"content":{"rendered":"<p>O Presidente da Rep\u00fablica, An\u00edbal Cavaco Silva, vai inaugurar oficialmente a nova Escola EB 1.2 de Albergaria-a-Velha, no pr\u00f3ximo dia 11 de Outubro, pelas 11 horas, dia em que ir\u00e1 decorrer o VII Encontro Concelhio de Professores.<\/p>\n<p>O in\u00edcio do Encontro est\u00e1 marcado para as 9h15, com a recep\u00e7\u00e3o dos docentes e convidados, seguindo-se a apresenta\u00e7\u00e3o do Programa Municipal de Educa\u00e7\u00e3o 2008 \/ 2009, o qual ter\u00e1 novidades na \u00e1rea da m\u00fasica, da promo\u00e7\u00e3o de leitura e do ambiente.<\/p>\n<p>Para as 10 horas est\u00e1 agendada a cerim\u00f3nia de entrega dos Pr\u00e9mios de M\u00e9rito Escolar aos melhores alunos do ano lectivo passado. De seguida, ser\u00e1 assinado um protocolo com a Universidade de Aveiro visando o desenvolvimento de uma plataforma de gest\u00e3o para as actividades de enriquecimento curricular, a forma\u00e7\u00e3o de professores na \u00e1rea de kits interactivos e a produ\u00e7\u00e3o de conte\u00fados pedag\u00f3gicos.<\/p>\n","protected":false},"excerpt":{"rendered":"<p>O Presidente da Rep\u00fablica, An\u00edbal Cavaco Silva, vai inaugurar oficialmente a nova Escola EB 1.2 de Albergaria-a-Velha, no pr\u00f3ximo dia 11 de Outubro, pelas 11 horas, dia em que ir\u00e1 decorrer o VII Encontro Concelhio de Professores. O in\u00edcio do Encontro est\u00e1 marcado para as 9h15, com a recep\u00e7\u00e3o dos docentes e convidados, seguindo-se a [&hellip;]<\/p>\n","protected":false},"author":1,"featured_media":0,"comment_status":"open","ping_status":"open","sticky":false,"template":"","format":"standard","meta":{"footnotes":""},"categories":[45],"tags":[],"class_list":["post-13237","post","type-post","status-publish","format-standard","hentry","category-regioes"],"_links":{"self":[{"href":"https:\/\/sites.ecclesia.pt\/cv\/wp-json\/wp\/v2\/posts\/13237","targetHints":{"allow":["GET"]}}],"collection":[{"href":"https:\/\/sites.ecclesia.pt\/cv\/wp-json\/wp\/v2\/posts"}],"about":[{"href":"https:\/\/sites.ecclesia.pt\/cv\/wp-json\/wp\/v2\/types\/post"}],"author":[{"embeddable":true,"href":"https:\/\/sites.ecclesia.pt\/cv\/wp-json\/wp\/v2\/users\/1"}],"replies":[{"embeddable":true,"href":"https:\/\/sites.ecclesia.pt\/cv\/wp-json\/wp\/v2\/comments?post=13237"}],"version-history":[{"count":0,"href":"https:\/\/sites.ecclesia.pt\/cv\/wp-json\/wp\/v2\/posts\/13237\/revisions"}],"wp:attachment":[{"href":"https:\/\/sites.ecclesia.pt\/cv\/wp-json\/wp\/v2\/media?parent=13237"}],"wp:term":[{"taxonomy":"category","embeddable":true,"href":"https:\/\/sites.ecclesia.pt\/cv\/wp-json\/wp\/v2\/categories?post=13237"},{"taxonomy":"post_tag","embeddable":true,"href":"https:\/\/sites.ecclesia.pt\/cv\/wp-json\/wp\/v2\/tags?post=13237"}],"curies":[{"name":"wp","href":"https:\/\/api.w.org\/{rel}","templated":true}]}}