{"id":13238,"date":"2008-10-01T16:05:00","date_gmt":"2008-10-01T16:05:00","guid":{"rendered":"http:\/\/localhost:81\/wp1\/?p=13238"},"modified":"2008-10-01T16:05:00","modified_gmt":"2008-10-01T16:05:00","slug":"ilhavo-viu-diminuir-receitas-do-imi-e-do-imt","status":"publish","type":"post","link":"https:\/\/sites.ecclesia.pt\/cv\/ilhavo-viu-diminuir-receitas-do-imi-e-do-imt\/","title":{"rendered":"\u00cdlhavo viu diminuir receitas do IMI e do IMT"},"content":{"rendered":"<p>Valores do IMI e da Derrama aprovados <!--more--> Entre Janeiro e Agosto de 2008, o concelho de \u00cdlhavo viu reduzir em cerca de 12% (quase 550.000 euros) a receita fiscal em sede de IMI (Imposto Municipal sobre Im\u00f3veis) e IMT (Imposto Municipal sobre Transportes), em rela\u00e7\u00e3o a igual per\u00edodo de 2007.<\/p>\n<p>A par disso, a autarquia ilhavense perspectiva que a altera\u00e7\u00e3o legislativa proposta pelo governo de Jos\u00e9 S\u00f3crates reduza as taxas m\u00e1ximas de IMI (de 12,5% a 20%) e aumente o per\u00edodo de isen\u00e7\u00e3o de seis para oito anos.<\/p>\n<p>Por esses motivos, o executivo municipal fixou os seguintes valores do IMI para o ano de 2009: pr\u00e9dios r\u00fasticos, 0,8% (mant\u00e9m-se com a nova lei), pr\u00e9dios urbanos, 0,8% (passa para 0,7% com a nova lei), pr\u00e9dios urbanos avaliados nos termos do CIMI, 0,5% (passa para 0,4% com a nova lei).<\/p>\n<p>Quanto \u00e0 Derrama, o executivo municipal ilhavense fixou o valor em 1,5%. Sobre o impacto da altera\u00e7\u00e3o legislativa na receita da Derrama no concelho de \u00cdlhavo, a perspectiva \u00e9 que o valor absoluto seja menor, embora subsistam d\u00favidas que s\u00f3 a aplica\u00e7\u00e3o pr\u00e1tica dissipar\u00e1, sobre se a redu\u00e7\u00e3o da taxa poder\u00e1 ser compensada por uma nova base tribut\u00e1vel mais alargada.<\/p>\n","protected":false},"excerpt":{"rendered":"<p>Valores do IMI e da Derrama aprovados<\/p>\n","protected":false},"author":1,"featured_media":0,"comment_status":"open","ping_status":"open","sticky":false,"template":"","format":"standard","meta":{"footnotes":""},"categories":[45],"tags":[],"class_list":["post-13238","post","type-post","status-publish","format-standard","hentry","category-regioes"],"_links":{"self":[{"href":"https:\/\/sites.ecclesia.pt\/cv\/wp-json\/wp\/v2\/posts\/13238","targetHints":{"allow":["GET"]}}],"collection":[{"href":"https:\/\/sites.ecclesia.pt\/cv\/wp-json\/wp\/v2\/posts"}],"about":[{"href":"https:\/\/sites.ecclesia.pt\/cv\/wp-json\/wp\/v2\/types\/post"}],"author":[{"embeddable":true,"href":"https:\/\/sites.ecclesia.pt\/cv\/wp-json\/wp\/v2\/users\/1"}],"replies":[{"embeddable":true,"href":"https:\/\/sites.ecclesia.pt\/cv\/wp-json\/wp\/v2\/comments?post=13238"}],"version-history":[{"count":0,"href":"https:\/\/sites.ecclesia.pt\/cv\/wp-json\/wp\/v2\/posts\/13238\/revisions"}],"wp:attachment":[{"href":"https:\/\/sites.ecclesia.pt\/cv\/wp-json\/wp\/v2\/media?parent=13238"}],"wp:term":[{"taxonomy":"category","embeddable":true,"href":"https:\/\/sites.ecclesia.pt\/cv\/wp-json\/wp\/v2\/categories?post=13238"},{"taxonomy":"post_tag","embeddable":true,"href":"https:\/\/sites.ecclesia.pt\/cv\/wp-json\/wp\/v2\/tags?post=13238"}],"curies":[{"name":"wp","href":"https:\/\/api.w.org\/{rel}","templated":true}]}}