{"id":13239,"date":"2008-10-01T16:06:00","date_gmt":"2008-10-01T16:06:00","guid":{"rendered":"http:\/\/localhost:81\/wp1\/?p=13239"},"modified":"2008-10-01T16:06:00","modified_gmt":"2008-10-01T16:06:00","slug":"cira-substitui-amria-e-gama","status":"publish","type":"post","link":"https:\/\/sites.ecclesia.pt\/cv\/cira-substitui-amria-e-gama\/","title":{"rendered":"CIRA substitui AMRia e GAMA"},"content":{"rendered":"<p>A Comunidade Intermunicipal da Regi\u00e3o de Aveiro (CIRA) \u00e9 a nova associa\u00e7\u00e3o dos munic\u00edpios da NUT III do Baixo Vouga que ir\u00e1 substituir a AMRia (Associa\u00e7\u00e3o dos Munic\u00edpios da Ria) e a GAMA (Grande \u00c1rea Metropolitana de Aveiro).<\/p>\n<p>A CIRA ser\u00e1 constitu\u00edda por onze munic\u00edpios: \u00c1gueda, Albergaria-a-Velha, Anadia, Aveiro, Estarreja, \u00cdlhavo, Murtosa, Oliveira do Bairro, Ovar, Sever do Vouga e Va-gos. Dos onze concelhos da AMRia sai o munic\u00edpio de Mira (apesar de estar na bacia hidrogr\u00e1fica da Ria de Aveiro) e entra o de Anadia. Quanto aos doze concelhos que integravam a GAMA, saem os munic\u00edpios nortenhos de Oliveira de Azem\u00e9is e de Vale de Cambra e entra o bairradino de Anadia.<\/p>\n<p>A AMRia esteve em plena actividade durante cerca de duas d\u00e9cadas, desenvolvendo um vasto conjunto de ac\u00e7\u00f5es, com destaque para o Plano Intermunicipal de Ordenamento da Ria de Aveiro \u2013 Unir@Ria. J\u00e1 a GAMA nunca chegou a entrar em \u201cvelocidade de cruzeiro\u201d, devido a condicionalismos diversos (sa\u00eddas dos primeiros ministros Dur\u00e3o Barroso e Santana Lopes e entrada de Jos\u00e9 S\u00f3crates para o cargo) e \u00e0 altera\u00e7\u00e3o da lei do associativismo municipal aprovada pelo actual governo.<\/p>\n<p>Al\u00e9m de coincidir com a \u00e1rea geogr\u00e1fica da NUT III do Baixo Vouga, a Comunidade Intermunicipal da Regi\u00e3o de Aveiro coincidir\u00e1 com a rec\u00e9m criada Delega\u00e7\u00e3o de Aveiro da Entidade Regional Turismo do Centro de Portugal (que substituiu a Regi\u00e3o de Turismo da Rota da Luz). <\/p>\n<p>A CIRA aproxima-se ainda da Diocese de Aveiro, que n\u00e3o inclui, no entanto o concelho de Ovar (Diocese do Porto).<\/p>\n","protected":false},"excerpt":{"rendered":"<p>A Comunidade Intermunicipal da Regi\u00e3o de Aveiro (CIRA) \u00e9 a nova associa\u00e7\u00e3o dos munic\u00edpios da NUT III do Baixo Vouga que ir\u00e1 substituir a AMRia (Associa\u00e7\u00e3o dos Munic\u00edpios da Ria) e a GAMA (Grande \u00c1rea Metropolitana de Aveiro). A CIRA ser\u00e1 constitu\u00edda por onze munic\u00edpios: \u00c1gueda, Albergaria-a-Velha, Anadia, Aveiro, Estarreja, \u00cdlhavo, Murtosa, Oliveira do Bairro, [&hellip;]<\/p>\n","protected":false},"author":1,"featured_media":0,"comment_status":"open","ping_status":"open","sticky":false,"template":"","format":"standard","meta":{"footnotes":""},"categories":[45],"tags":[],"class_list":["post-13239","post","type-post","status-publish","format-standard","hentry","category-regioes"],"_links":{"self":[{"href":"https:\/\/sites.ecclesia.pt\/cv\/wp-json\/wp\/v2\/posts\/13239","targetHints":{"allow":["GET"]}}],"collection":[{"href":"https:\/\/sites.ecclesia.pt\/cv\/wp-json\/wp\/v2\/posts"}],"about":[{"href":"https:\/\/sites.ecclesia.pt\/cv\/wp-json\/wp\/v2\/types\/post"}],"author":[{"embeddable":true,"href":"https:\/\/sites.ecclesia.pt\/cv\/wp-json\/wp\/v2\/users\/1"}],"replies":[{"embeddable":true,"href":"https:\/\/sites.ecclesia.pt\/cv\/wp-json\/wp\/v2\/comments?post=13239"}],"version-history":[{"count":0,"href":"https:\/\/sites.ecclesia.pt\/cv\/wp-json\/wp\/v2\/posts\/13239\/revisions"}],"wp:attachment":[{"href":"https:\/\/sites.ecclesia.pt\/cv\/wp-json\/wp\/v2\/media?parent=13239"}],"wp:term":[{"taxonomy":"category","embeddable":true,"href":"https:\/\/sites.ecclesia.pt\/cv\/wp-json\/wp\/v2\/categories?post=13239"},{"taxonomy":"post_tag","embeddable":true,"href":"https:\/\/sites.ecclesia.pt\/cv\/wp-json\/wp\/v2\/tags?post=13239"}],"curies":[{"name":"wp","href":"https:\/\/api.w.org\/{rel}","templated":true}]}}