{"id":13240,"date":"2008-10-01T16:07:00","date_gmt":"2008-10-01T16:07:00","guid":{"rendered":"http:\/\/localhost:81\/wp1\/?p=13240"},"modified":"2008-10-01T16:07:00","modified_gmt":"2008-10-01T16:07:00","slug":"mais-quatro-viaturas-para-os-bombeiros-de-vagos","status":"publish","type":"post","link":"https:\/\/sites.ecclesia.pt\/cv\/mais-quatro-viaturas-para-os-bombeiros-de-vagos\/","title":{"rendered":"Mais quatro viaturas para os Bombeiros de Vagos"},"content":{"rendered":"<p>Prenda do 80.\u00ba anivers\u00e1rio <!--more--> A cerim\u00f3nia do 80.\u00ba anivers\u00e1rio dos Bombeiros Volunt\u00e1rios de Vagos ficou assinalada pela inaugura\u00e7\u00e3o de quatro novas viaturas: duas de transporte de doentes, uma de combate a inc\u00eandios e outra de emerg\u00eancia m\u00e9dica.<\/p>\n<p>A aquisi\u00e7\u00e3o da viatura de combate a inc\u00eandios contou com o apoio da autarquia vaguense e da Protec\u00e7\u00e3o Civil e veio substituir duas antigas viaturas cong\u00e9neres que legalmente n\u00e3o j\u00e1 estavam operacionais. As duas viaturas de transporte de doentes destinam-se ao transporte di\u00e1rio de doentes, servi\u00e7o que d\u00e1 algum retorno financeiro \u00e0 corpora\u00e7\u00e3o. A viatura de emerg\u00eancia veio do estrangeiro.<\/p>\n<p>Na cerim\u00f3nia foram atribu\u00eddas distin\u00e7\u00f5es de m\u00e9rito a Jo\u00e3o Carlos Ribeiro e a Carlos Sarabando.<\/p>\n","protected":false},"excerpt":{"rendered":"<p>Prenda do 80.\u00ba anivers\u00e1rio<\/p>\n","protected":false},"author":1,"featured_media":0,"comment_status":"open","ping_status":"open","sticky":false,"template":"","format":"standard","meta":{"footnotes":""},"categories":[45],"tags":[],"class_list":["post-13240","post","type-post","status-publish","format-standard","hentry","category-regioes"],"_links":{"self":[{"href":"https:\/\/sites.ecclesia.pt\/cv\/wp-json\/wp\/v2\/posts\/13240","targetHints":{"allow":["GET"]}}],"collection":[{"href":"https:\/\/sites.ecclesia.pt\/cv\/wp-json\/wp\/v2\/posts"}],"about":[{"href":"https:\/\/sites.ecclesia.pt\/cv\/wp-json\/wp\/v2\/types\/post"}],"author":[{"embeddable":true,"href":"https:\/\/sites.ecclesia.pt\/cv\/wp-json\/wp\/v2\/users\/1"}],"replies":[{"embeddable":true,"href":"https:\/\/sites.ecclesia.pt\/cv\/wp-json\/wp\/v2\/comments?post=13240"}],"version-history":[{"count":0,"href":"https:\/\/sites.ecclesia.pt\/cv\/wp-json\/wp\/v2\/posts\/13240\/revisions"}],"wp:attachment":[{"href":"https:\/\/sites.ecclesia.pt\/cv\/wp-json\/wp\/v2\/media?parent=13240"}],"wp:term":[{"taxonomy":"category","embeddable":true,"href":"https:\/\/sites.ecclesia.pt\/cv\/wp-json\/wp\/v2\/categories?post=13240"},{"taxonomy":"post_tag","embeddable":true,"href":"https:\/\/sites.ecclesia.pt\/cv\/wp-json\/wp\/v2\/tags?post=13240"}],"curies":[{"name":"wp","href":"https:\/\/api.w.org\/{rel}","templated":true}]}}