{"id":13241,"date":"2008-10-01T16:08:00","date_gmt":"2008-10-01T16:08:00","guid":{"rendered":"http:\/\/localhost:81\/wp1\/?p=13241"},"modified":"2008-10-01T16:08:00","modified_gmt":"2008-10-01T16:08:00","slug":"forum-nautico-do-municipio-de-ilhavo-sera-constituido-em-novembro","status":"publish","type":"post","link":"https:\/\/sites.ecclesia.pt\/cv\/forum-nautico-do-municipio-de-ilhavo-sera-constituido-em-novembro\/","title":{"rendered":"F\u00f3rum N\u00e1utico do Munic\u00edpio de \u00cdlhavo ser\u00e1 constitu\u00eddo em Novembro"},"content":{"rendered":"<p>O acto formal e p\u00fablico de constitui\u00e7\u00e3o do F\u00f3rum N\u00e1utico do Munic\u00edpio de \u00cdlhavo est\u00e1 agendado para o dia 7 de Novembro. A \u201cconfer\u00eancia de constitui\u00e7\u00e3o\u201d decorreu a bordo do navio Creoula, e contou com a participa\u00e7\u00e3o de representantes de 14 entidades, numa iniciativa do executivo municipal ilhavense.<\/p>\n<p>As conclus\u00f5es dessa confer\u00eancia constitucional, bem como os respectivos convites formais de ades\u00e3o, foram enviadas pela autarquia ilhavense a todas as entidades parceiras. At\u00e9 ao pr\u00f3ximo dia 10 de Outubro essas entidades dever\u00e3o remeter \u00e0 autarquia as respectivas respostas, ap\u00f3s o que, at\u00e9 ao dia 17 de Outubro, a c\u00e2mara municipal enviar\u00e1 o \u201ccontrato de parceria\u201d e o programa de ac\u00e7\u00e3o 2009\/2010, para an\u00e1lise pelas entidades parceiras. No dia 30 de Outubro ser\u00e1 realizada a reuni\u00e3o final entre parceiros para debate e aprova\u00e7\u00e3o do \u201ccontrato de parceria\u201d e do programa de ac\u00e7\u00e3o para 2009 \/ 2010. <\/p>\n","protected":false},"excerpt":{"rendered":"<p>O acto formal e p\u00fablico de constitui\u00e7\u00e3o do F\u00f3rum N\u00e1utico do Munic\u00edpio de \u00cdlhavo est\u00e1 agendado para o dia 7 de Novembro. A \u201cconfer\u00eancia de constitui\u00e7\u00e3o\u201d decorreu a bordo do navio Creoula, e contou com a participa\u00e7\u00e3o de representantes de 14 entidades, numa iniciativa do executivo municipal ilhavense. As conclus\u00f5es dessa confer\u00eancia constitucional, bem como [&hellip;]<\/p>\n","protected":false},"author":1,"featured_media":0,"comment_status":"open","ping_status":"open","sticky":false,"template":"","format":"standard","meta":{"footnotes":""},"categories":[45],"tags":[],"class_list":["post-13241","post","type-post","status-publish","format-standard","hentry","category-regioes"],"_links":{"self":[{"href":"https:\/\/sites.ecclesia.pt\/cv\/wp-json\/wp\/v2\/posts\/13241","targetHints":{"allow":["GET"]}}],"collection":[{"href":"https:\/\/sites.ecclesia.pt\/cv\/wp-json\/wp\/v2\/posts"}],"about":[{"href":"https:\/\/sites.ecclesia.pt\/cv\/wp-json\/wp\/v2\/types\/post"}],"author":[{"embeddable":true,"href":"https:\/\/sites.ecclesia.pt\/cv\/wp-json\/wp\/v2\/users\/1"}],"replies":[{"embeddable":true,"href":"https:\/\/sites.ecclesia.pt\/cv\/wp-json\/wp\/v2\/comments?post=13241"}],"version-history":[{"count":0,"href":"https:\/\/sites.ecclesia.pt\/cv\/wp-json\/wp\/v2\/posts\/13241\/revisions"}],"wp:attachment":[{"href":"https:\/\/sites.ecclesia.pt\/cv\/wp-json\/wp\/v2\/media?parent=13241"}],"wp:term":[{"taxonomy":"category","embeddable":true,"href":"https:\/\/sites.ecclesia.pt\/cv\/wp-json\/wp\/v2\/categories?post=13241"},{"taxonomy":"post_tag","embeddable":true,"href":"https:\/\/sites.ecclesia.pt\/cv\/wp-json\/wp\/v2\/tags?post=13241"}],"curies":[{"name":"wp","href":"https:\/\/api.w.org\/{rel}","templated":true}]}}