{"id":13242,"date":"2008-10-01T16:10:00","date_gmt":"2008-10-01T16:10:00","guid":{"rendered":"http:\/\/localhost:81\/wp1\/?p=13242"},"modified":"2008-10-01T16:10:00","modified_gmt":"2008-10-01T16:10:00","slug":"ja-nao-ha-capim","status":"publish","type":"post","link":"https:\/\/sites.ecclesia.pt\/cv\/ja-nao-ha-capim\/","title":{"rendered":"J\u00e1 n\u00e3o h\u00e1 capim"},"content":{"rendered":"<p>Ponta de Lan\u00e7a <!--more--> O prov\u00e9rbio africano est\u00e1 actualizad\u00edssimo, quando os elefantes lutam, quem sofre \u00e9 o capim \u2013 a erva pequena que estes trucidam no af\u00e3 da refega!<\/p>\n<p>\u00c9 disso que se trata. Pior, os elefantes est\u00e3o a sucumbir! E com uma volumetria daquelas n\u00e3o h\u00e1 quem consiga, s\u00f3 por si, continuar a caminhada.<\/p>\n<p>O momento \u00e9 s\u00e9rio. O mundo atravessa uma preocupante odisseia de contornos econ\u00f3mico-financeiros. Ser\u00e1 o fim do capitalismo (tamb\u00e9m) democr\u00e1tico como muitos de n\u00f3s o estud\u00e1mos, sobretudo baseado na teoria de Michael Novak? <\/p>\n<p>O te\u00f3logo norte-americano, defende que o capitalismo em democracia, sujeito a valores morais, \u00e9 a garantia de sucesso social, a \u00fanica forma de se acabar com a pobreza no Mundo. Ou seja, um capitalismo (democr\u00e1tico) assente em tr\u00eas elementos: uma economia de livre concorr\u00eancia, um regime democr\u00e1tico respeitador dos direitos dos indiv\u00edduos, um conjunto de institui\u00e7\u00f5es culturais pluralistas animadas pelos ideais de liberdade e justi\u00e7a para todos.<\/p>\n<p>Parece que ruiu a teoria, o edif\u00edcio, o capitalismo liberal, a economia de mercado liberalizado!<\/p>\n<p>Inacreditavelmente estamos no limbo. A pol\u00edtica sabe que tudo est\u00e1 perdido mas qualquer afirma\u00e7\u00e3o pode fazer cair mais um elefante. Os elefantes j\u00e1 n\u00e3o t\u00eam onde cair desfalecidos. O capim est\u00e1 destru\u00eddo!<\/p>\n<p>E \u00e9 importante acreditar que j\u00e1 n\u00e3o h\u00e1\u2026 nem capim! Assim, evitar-se-\u00e3o dissabores maiores. Apesar de tudo, esta crise parece propositada. \u00c9 um pouco maquiav\u00e9lico mas\u2026 enfim\u2026 com a necessidade de reconverter velhos h\u00e1bitos energ\u00e9ticos, com a opini\u00e3o p\u00fablica mundial a aderir \u00e0 salva\u00e7\u00e3o do planeta,\u2026 fica no ar a sensa\u00e7\u00e3o que poder\u00e1 haver aqui uma fuga em frente. O mesmo ser\u00e1 dizer, o elefante (chefe da manada) quer provocar uma hecatombe para que haja uma injec\u00e7\u00e3o de capitais p\u00fablicos (dos v\u00e1rios estados, bancos centrais \u2013 tamb\u00e9m dependentes do dinheiro para evitar a desagrega\u00e7\u00e3o social!) e gerar mais movimento, mais aliena\u00e7\u00e3o, mais lucros para os que t\u00eam mais. Apenas desconfian\u00e7as de um leigo na mat\u00e9ria!<\/p>\n<p>Mas no meio de tudo isto, um pouco de bonomia na aproxima\u00e7\u00e3o ao esp\u00edrito deste apontamento, o desporto!<\/p>\n<p>H\u00e1 crise? Qual crise?  Ainda h\u00e1 as ac\u00e7\u00f5es do Benfica! Do Benfica e de todas as outras SAD!<\/p>\n<p>Ali\u00e1s, basta ver os resultados europeus e fica-se logo a saber, mantendo a presen\u00e7a da sabedoria africana anotada \u00e0 entrada,\u2026 onde est\u00e3o os elefantes!<\/p>\n<p>Por aqui, entre n\u00f3s, n\u00e3o ser\u00e1 certamente! S\u00f3 vemos capim, e seco!<\/p>\n<p>Entretanto, naquele gesto de solidariedade sat\u00edrica, sempre se pode acrescentar \u201ccoitados dos americanos, o que lhes foi acontecer! E logo a eles, t\u00e3o ricos!\u201d<\/p>\n<p>Mas \u00e9 mesmo verdade! Porque o pouco que temos, n\u00e3o paga a preocupa\u00e7\u00e3o.<\/p>\n<p>Desportivamente\u2026 pelo desporto!<\/p>\n","protected":false},"excerpt":{"rendered":"<p>Ponta de Lan\u00e7a<\/p>\n","protected":false},"author":1,"featured_media":0,"comment_status":"open","ping_status":"open","sticky":false,"template":"","format":"standard","meta":{"footnotes":""},"categories":[46],"tags":[],"class_list":["post-13242","post","type-post","status-publish","format-standard","hentry","category-desporto"],"_links":{"self":[{"href":"https:\/\/sites.ecclesia.pt\/cv\/wp-json\/wp\/v2\/posts\/13242","targetHints":{"allow":["GET"]}}],"collection":[{"href":"https:\/\/sites.ecclesia.pt\/cv\/wp-json\/wp\/v2\/posts"}],"about":[{"href":"https:\/\/sites.ecclesia.pt\/cv\/wp-json\/wp\/v2\/types\/post"}],"author":[{"embeddable":true,"href":"https:\/\/sites.ecclesia.pt\/cv\/wp-json\/wp\/v2\/users\/1"}],"replies":[{"embeddable":true,"href":"https:\/\/sites.ecclesia.pt\/cv\/wp-json\/wp\/v2\/comments?post=13242"}],"version-history":[{"count":0,"href":"https:\/\/sites.ecclesia.pt\/cv\/wp-json\/wp\/v2\/posts\/13242\/revisions"}],"wp:attachment":[{"href":"https:\/\/sites.ecclesia.pt\/cv\/wp-json\/wp\/v2\/media?parent=13242"}],"wp:term":[{"taxonomy":"category","embeddable":true,"href":"https:\/\/sites.ecclesia.pt\/cv\/wp-json\/wp\/v2\/categories?post=13242"},{"taxonomy":"post_tag","embeddable":true,"href":"https:\/\/sites.ecclesia.pt\/cv\/wp-json\/wp\/v2\/tags?post=13242"}],"curies":[{"name":"wp","href":"https:\/\/api.w.org\/{rel}","templated":true}]}}