{"id":13347,"date":"2008-12-05T17:43:00","date_gmt":"2008-12-05T17:43:00","guid":{"rendered":"http:\/\/localhost:81\/wp1\/?p=13347"},"modified":"2008-12-05T17:43:00","modified_gmt":"2008-12-05T17:43:00","slug":"esta-na-tua-mao","status":"publish","type":"post","link":"https:\/\/sites.ecclesia.pt\/cv\/esta-na-tua-mao\/","title":{"rendered":"Est\u00e1 na tua m\u00e3o"},"content":{"rendered":"<p>MULTIM\u00c9DIA &#8211; www.entrekulturas.pt <!--more--> Se alguma vez pensou nas seguintes quest\u00f5es: <\/p>\n<p>&#8211; Quem s\u00e3o os que me rodeiam?<\/p>\n<p>&#8211; Como posso contribuir para construir uma sociedade mais justa?<\/p>\n<p>&#8211; Como me posso relacionar com toda a gente?<\/p>\n<p>&#8211; Como posso intervir?<\/p>\n<p>E se estas quest\u00f5es o preocupam, ent\u00e3o, o melhor ser\u00e1 digitar o endere\u00e7o que esta semana sugiro. Este s\u00edtio \u00e9 um projecto do Alto Comissariado para a Imigra\u00e7\u00e3o e Di\u00e1logo Intercultural, tendo como grande linha de for\u00e7a o facto de ser constru\u00eddo por todos os que a ele acedem, mostrando assim o valor da sua diferen\u00e7a cultural. O Entrekulturas \u00e9 isso mesmo: \u201cAprender a viver com os outros num mundo que \u00e9 de todos\u201d. <\/p>\n<p>Com um ambiente fora do comum e com um ar \u201cgrafitado,\u201d temos ao nosso disp\u00f4r um espa\u00e7o fant\u00e1stico, onde se fala de coisas s\u00e9rias com um ar descontra\u00eddo e bastante acess\u00edvel.<\/p>\n<p>Caso pretendamos encontrar respostas, dados e informa\u00e7\u00f5es sobre imigra\u00e7\u00f5es, minorias \u00e9tnicas e diversidade multicultural, basta clicar em \u201calgu\u00e9m sabe\u201d. Por exemplo, ficamos a saber que o dia 16 de Novembro \u00e9 o dia Internacional para a Toler\u00e2ncia. Se queremos p\u00f4r em comum o que andamos a fazer e partilhar para aprender a fazer melhor, clicamos em \u201cisto n\u00e3o \u00e9 s\u00f3 meu\u201d. No item \u201cfoi mesmo assim\u201d, ficamos a conhecer hist\u00f3rias de \u201clonge e de perto\u201d e podemos, caso assim o desejemos, partilhar as nossas hist\u00f3rias. Por exemplo, neste momento, destaca-se o evento em que recentemente 93707 pessoas, em Portugal, se \u201clevantaram contra a Pobreza recusando a indiferen\u00e7a\u201d. Temos ainda um espa\u00e7o de passatempos e concursos, sempre com pr\u00e9mios bastante apelativos, em \u201cj\u00e1 ganhei\u201d. Em \u201cl\u00e1 em casa\u201d, podemos conhecer \u201coutras casas\u201d, outras culturas, outros h\u00e1bitos e outros modos de estar. Para descobrirmos coisas giras sobre v\u00e1rias l\u00ednguas e povos, clicamos em \u201co que \u00e9 que disseste?\u201d, onde, por exemplo, podemos ler um lind\u00edssimo poema crioulo da autoria de Orlando Pantera. Pessoas conhecidas do grande p\u00fablico tamb\u00e9m se disponibilizam a colaborar neste s\u00edtio. Assim, em \u201c\u00e9 para abanar\u201d, encontramos entrevistas e opini\u00f5es do \u201cpessoal bem conhecido\u201d. Por \u00faltimo, porque n\u00e3o podemos ficar est\u00e1ticos, em \u201ce o que havemos de fazer?\u201d, s\u00e3o disponibilizadas dicas para se passar \u00e0 ac\u00e7\u00e3o e colaborarmos em projectos e eventos concretos que v\u00e3o de encontro aos valores aqui defendidos.<\/p>\n<p>CLASSIFICA\u00c7\u00c3O (0-5): *****<\/p>\n<p>A MANTER: Actualiza\u00e7\u00f5es permanentes; qualidade da informa\u00e7\u00e3o disponibilizada; ambiente gr\u00e1fico; divulga\u00e7\u00e3o de projectos;<\/p>\n<p>A MUDAR: nada a referir.<\/p>\n<p>Fernando Cassola Marques<\/p>\n","protected":false},"excerpt":{"rendered":"<p>MULTIM\u00c9DIA &#8211; www.entrekulturas.pt<\/p>\n","protected":false},"author":1,"featured_media":0,"comment_status":"open","ping_status":"open","sticky":false,"template":"","format":"standard","meta":{"footnotes":""},"categories":[66],"tags":[],"class_list":["post-13347","post","type-post","status-publish","format-standard","hentry","category-cultura"],"_links":{"self":[{"href":"https:\/\/sites.ecclesia.pt\/cv\/wp-json\/wp\/v2\/posts\/13347","targetHints":{"allow":["GET"]}}],"collection":[{"href":"https:\/\/sites.ecclesia.pt\/cv\/wp-json\/wp\/v2\/posts"}],"about":[{"href":"https:\/\/sites.ecclesia.pt\/cv\/wp-json\/wp\/v2\/types\/post"}],"author":[{"embeddable":true,"href":"https:\/\/sites.ecclesia.pt\/cv\/wp-json\/wp\/v2\/users\/1"}],"replies":[{"embeddable":true,"href":"https:\/\/sites.ecclesia.pt\/cv\/wp-json\/wp\/v2\/comments?post=13347"}],"version-history":[{"count":0,"href":"https:\/\/sites.ecclesia.pt\/cv\/wp-json\/wp\/v2\/posts\/13347\/revisions"}],"wp:attachment":[{"href":"https:\/\/sites.ecclesia.pt\/cv\/wp-json\/wp\/v2\/media?parent=13347"}],"wp:term":[{"taxonomy":"category","embeddable":true,"href":"https:\/\/sites.ecclesia.pt\/cv\/wp-json\/wp\/v2\/categories?post=13347"},{"taxonomy":"post_tag","embeddable":true,"href":"https:\/\/sites.ecclesia.pt\/cv\/wp-json\/wp\/v2\/tags?post=13347"}],"curies":[{"name":"wp","href":"https:\/\/api.w.org\/{rel}","templated":true}]}}