{"id":1363,"date":"2010-05-05T09:31:00","date_gmt":"2010-05-05T09:31:00","guid":{"rendered":"http:\/\/localhost:81\/wp1\/?p=1363"},"modified":"2010-05-05T09:31:00","modified_gmt":"2010-05-05T09:31:00","slug":"bispo-de-aveiro-16","status":"publish","type":"post","link":"https:\/\/sites.ecclesia.pt\/cv\/bispo-de-aveiro-16\/","title":{"rendered":"Bispo de Aveiro"},"content":{"rendered":"<p>Dia 29:<\/p>\n<p>D. Ant\u00f3nio Francisco celebrou a Eucaristia e reuniu com a comunidade das Irm\u00e3s Dominicanas de Santa Catarina de Sena.<\/p>\n<p>Dia 30:<\/p>\n<p>Reuniu com a equipa formadora do Semin\u00e1rio de Santa Joana Princesa.<\/p>\n<p>Dia 1 de Maio:<\/p>\n<p>Reuniu com a direc\u00e7\u00e3o do Centro Social Paroquial da Gafanha da Nazar\u00e9; celebrou a Eucaristia e o sacramento da Confirma\u00e7\u00e3o e concluiu a visita pastoral na par\u00f3quia de Nossa senhora do \u00d3 de Aguim.<\/p>\n<p>Dia 2 de Maio:<\/p>\n<p>Celebrou a Eucaristia na b\u00ean\u00e7\u00e3o dos finalistas, no Campus da Universidade de Aveiro.<\/p>\n<p>Dia 3:<\/p>\n<p>Iniciou a visita pastoral na par\u00f3quia de S. Tiago da Moita, no arciprestado da Anadia.<\/p>\n<p>Dia 4:<\/p>\n<p>Reuniu com o Conselho Episcopal; prosseguiu a vista pastoral na par\u00f3quia de S. Tiago da Moita.<\/p>\n<p>Dia 5:<\/p>\n<p>Continua a visita pastoral na mesma par\u00f3quia; preside ao encontro de forma\u00e7\u00e3o promovido pelo Departamento de Apoio \u00e0s Institui\u00e7\u00f5es de Solidariedade Sociais da Diocese.<\/p>\n","protected":false},"excerpt":{"rendered":"<p>Dia 29: D. Ant\u00f3nio Francisco celebrou a Eucaristia e reuniu com a comunidade das Irm\u00e3s Dominicanas de Santa Catarina de Sena. Dia 30: Reuniu com a equipa formadora do Semin\u00e1rio de Santa Joana Princesa. Dia 1 de Maio: Reuniu com a direc\u00e7\u00e3o do Centro Social Paroquial da Gafanha da Nazar\u00e9; celebrou a Eucaristia e o [&hellip;]<\/p>\n","protected":false},"author":1,"featured_media":0,"comment_status":"open","ping_status":"open","sticky":false,"template":"","format":"standard","meta":{"footnotes":""},"categories":[70],"tags":[],"class_list":["post-1363","post","type-post","status-publish","format-standard","hentry","category-diocese"],"_links":{"self":[{"href":"https:\/\/sites.ecclesia.pt\/cv\/wp-json\/wp\/v2\/posts\/1363","targetHints":{"allow":["GET"]}}],"collection":[{"href":"https:\/\/sites.ecclesia.pt\/cv\/wp-json\/wp\/v2\/posts"}],"about":[{"href":"https:\/\/sites.ecclesia.pt\/cv\/wp-json\/wp\/v2\/types\/post"}],"author":[{"embeddable":true,"href":"https:\/\/sites.ecclesia.pt\/cv\/wp-json\/wp\/v2\/users\/1"}],"replies":[{"embeddable":true,"href":"https:\/\/sites.ecclesia.pt\/cv\/wp-json\/wp\/v2\/comments?post=1363"}],"version-history":[{"count":0,"href":"https:\/\/sites.ecclesia.pt\/cv\/wp-json\/wp\/v2\/posts\/1363\/revisions"}],"wp:attachment":[{"href":"https:\/\/sites.ecclesia.pt\/cv\/wp-json\/wp\/v2\/media?parent=1363"}],"wp:term":[{"taxonomy":"category","embeddable":true,"href":"https:\/\/sites.ecclesia.pt\/cv\/wp-json\/wp\/v2\/categories?post=1363"},{"taxonomy":"post_tag","embeddable":true,"href":"https:\/\/sites.ecclesia.pt\/cv\/wp-json\/wp\/v2\/tags?post=1363"}],"curies":[{"name":"wp","href":"https:\/\/api.w.org\/{rel}","templated":true}]}}