{"id":1365,"date":"2010-05-05T09:31:00","date_gmt":"2010-05-05T09:31:00","guid":{"rendered":"http:\/\/localhost:81\/wp1\/?p=1365"},"modified":"2010-05-05T09:31:00","modified_gmt":"2010-05-05T09:31:00","slug":"agenda-14","status":"publish","type":"post","link":"https:\/\/sites.ecclesia.pt\/cv\/agenda-14\/","title":{"rendered":"Agenda"},"content":{"rendered":"<p>Maio<\/p>\n<p>5 \u2013 \u201cQue pais podem esperar os filhos?\u201d, tert\u00falia com Armando Leandro, no CUFC, \u00e0s 21h<\/p>\n<p>6 \u2013 Ultreia Diocesana, \u00e0s 21h30h, no Semin\u00e1rio de Santa Joana.<\/p>\n<p>8 \u2013 Encontro dos antigos alunos do Semin\u00e1rio de Aveiro, em Calv\u00e3o<\/p>\n<p>21 e 22 \u2013 I Jornadas de Educa\u00e7\u00e3o da Diocese de Aveiro, no Col\u00e9gio de Calv\u00e3o<\/p>\n","protected":false},"excerpt":{"rendered":"<p>Maio 5 \u2013 \u201cQue pais podem esperar os filhos?\u201d, tert\u00falia com Armando Leandro, no CUFC, \u00e0s 21h 6 \u2013 Ultreia Diocesana, \u00e0s 21h30h, no Semin\u00e1rio de Santa Joana. 8 \u2013 Encontro dos antigos alunos do Semin\u00e1rio de Aveiro, em Calv\u00e3o 21 e 22 \u2013 I Jornadas de Educa\u00e7\u00e3o da Diocese de Aveiro, no Col\u00e9gio de [&hellip;]<\/p>\n","protected":false},"author":1,"featured_media":0,"comment_status":"open","ping_status":"open","sticky":false,"template":"","format":"standard","meta":{"footnotes":""},"categories":[70],"tags":[],"class_list":["post-1365","post","type-post","status-publish","format-standard","hentry","category-diocese"],"_links":{"self":[{"href":"https:\/\/sites.ecclesia.pt\/cv\/wp-json\/wp\/v2\/posts\/1365","targetHints":{"allow":["GET"]}}],"collection":[{"href":"https:\/\/sites.ecclesia.pt\/cv\/wp-json\/wp\/v2\/posts"}],"about":[{"href":"https:\/\/sites.ecclesia.pt\/cv\/wp-json\/wp\/v2\/types\/post"}],"author":[{"embeddable":true,"href":"https:\/\/sites.ecclesia.pt\/cv\/wp-json\/wp\/v2\/users\/1"}],"replies":[{"embeddable":true,"href":"https:\/\/sites.ecclesia.pt\/cv\/wp-json\/wp\/v2\/comments?post=1365"}],"version-history":[{"count":0,"href":"https:\/\/sites.ecclesia.pt\/cv\/wp-json\/wp\/v2\/posts\/1365\/revisions"}],"wp:attachment":[{"href":"https:\/\/sites.ecclesia.pt\/cv\/wp-json\/wp\/v2\/media?parent=1365"}],"wp:term":[{"taxonomy":"category","embeddable":true,"href":"https:\/\/sites.ecclesia.pt\/cv\/wp-json\/wp\/v2\/categories?post=1365"},{"taxonomy":"post_tag","embeddable":true,"href":"https:\/\/sites.ecclesia.pt\/cv\/wp-json\/wp\/v2\/tags?post=1365"}],"curies":[{"name":"wp","href":"https:\/\/api.w.org\/{rel}","templated":true}]}}