{"id":1366,"date":"2010-05-05T09:32:00","date_gmt":"2010-05-05T09:32:00","guid":{"rendered":"http:\/\/localhost:81\/wp1\/?p=1366"},"modified":"2010-05-05T09:32:00","modified_gmt":"2010-05-05T09:32:00","slug":"o-papa-e-aquele-que-mais-ama-diz-aura-miguel","status":"publish","type":"post","link":"https:\/\/sites.ecclesia.pt\/cv\/o-papa-e-aquele-que-mais-ama-diz-aura-miguel\/","title":{"rendered":"&#8220;O Papa \u00e9 aquele que mais ama&#8221;, diz Aura Miguel"},"content":{"rendered":"<p>Aura Miguel, jornalista da R\u00e1dio Renascen\u00e7a, esteve em Anadia e falou principalmente de tr\u00eas temas para as cerca de 150 pessoas que se deslocaram ao Museu do Vinho da Bairrada: o Ano Sacerdotal; a figura do sacerdote \u00e0 luz de Jo\u00e3o Paulo II; Bento XVI e sua forte personalidade.<\/p>\n<p>A \u00fanica jornalista portuguesa acreditada no Vaticano salientou o grande amor do Papa Jo\u00e3o Paulo II pelo sacerd\u00f3cio e pela Igreja, a sua vida e a certeza de ter sido chamado para viver com o Senhor em intimidade. Real\u00e7ou pormenores do amor do Papa pelo seu munus sacerdotal, salientando especialmente o seu amor ao Brevi\u00e1rio, que cuidava diariamente com plena consci\u00eancia de ser a ora\u00e7\u00e3o da Igreja.<\/p>\n<p>Na segunda parte, falou de Bento XVI e da sua forte personalidade. \u00c9 interessante notar que subinhou que \u00e9 uma pena que as pessoas tenham ficado s\u00f3 com Jo\u00e3o Paulo II. Com base no Evangelho de S. Jo\u00e3o, que inclui a tr\u00edplice confiss\u00e3o de Pedro, o Papa \u00e9 aquele que mais ama: \u201cAmas-me tu mais do que estes?\u201d A jornalista sublinhou que o Papa Bento XVI \u00e9 aquele que mais ama e a\u00ed reside a base da elei\u00e7\u00e3o do Papa.<\/p>\n<p>Aura Miguel lan\u00e7ou h\u00e1 dias um livro sobre o actual Papa, justamente a tempo da visita de Bento XVI a Portugal.<\/p>\n<p>Vitor Espadilha<\/p>\n","protected":false},"excerpt":{"rendered":"<p>Aura Miguel, jornalista da R\u00e1dio Renascen\u00e7a, esteve em Anadia e falou principalmente de tr\u00eas temas para as cerca de 150 pessoas que se deslocaram ao Museu do Vinho da Bairrada: o Ano Sacerdotal; a figura do sacerdote \u00e0 luz de Jo\u00e3o Paulo II; Bento XVI e sua forte personalidade. A \u00fanica jornalista portuguesa acreditada no [&hellip;]<\/p>\n","protected":false},"author":1,"featured_media":0,"comment_status":"open","ping_status":"open","sticky":false,"template":"","format":"standard","meta":{"footnotes":""},"categories":[70],"tags":[],"class_list":["post-1366","post","type-post","status-publish","format-standard","hentry","category-diocese"],"_links":{"self":[{"href":"https:\/\/sites.ecclesia.pt\/cv\/wp-json\/wp\/v2\/posts\/1366","targetHints":{"allow":["GET"]}}],"collection":[{"href":"https:\/\/sites.ecclesia.pt\/cv\/wp-json\/wp\/v2\/posts"}],"about":[{"href":"https:\/\/sites.ecclesia.pt\/cv\/wp-json\/wp\/v2\/types\/post"}],"author":[{"embeddable":true,"href":"https:\/\/sites.ecclesia.pt\/cv\/wp-json\/wp\/v2\/users\/1"}],"replies":[{"embeddable":true,"href":"https:\/\/sites.ecclesia.pt\/cv\/wp-json\/wp\/v2\/comments?post=1366"}],"version-history":[{"count":0,"href":"https:\/\/sites.ecclesia.pt\/cv\/wp-json\/wp\/v2\/posts\/1366\/revisions"}],"wp:attachment":[{"href":"https:\/\/sites.ecclesia.pt\/cv\/wp-json\/wp\/v2\/media?parent=1366"}],"wp:term":[{"taxonomy":"category","embeddable":true,"href":"https:\/\/sites.ecclesia.pt\/cv\/wp-json\/wp\/v2\/categories?post=1366"},{"taxonomy":"post_tag","embeddable":true,"href":"https:\/\/sites.ecclesia.pt\/cv\/wp-json\/wp\/v2\/tags?post=1366"}],"curies":[{"name":"wp","href":"https:\/\/api.w.org\/{rel}","templated":true}]}}