{"id":1367,"date":"2010-05-05T09:33:00","date_gmt":"2010-05-05T09:33:00","guid":{"rendered":"http:\/\/localhost:81\/wp1\/?p=1367"},"modified":"2010-05-05T09:33:00","modified_gmt":"2010-05-05T09:33:00","slug":"festa-da-princesa-santa-joana-padroeira-da-cidade-e-da-diocese-de-aveiro","status":"publish","type":"post","link":"https:\/\/sites.ecclesia.pt\/cv\/festa-da-princesa-santa-joana-padroeira-da-cidade-e-da-diocese-de-aveiro\/","title":{"rendered":"Festa da Princesa Santa Joana, padroeira da Cidade e da Diocese de Aveiro"},"content":{"rendered":"<p>No pr\u00f3ximo dia 12 de Maio, feriado municipal de Aveiro, ocorre o dia da solenidade lit\u00fargica da nossa Padroeira Santa Joana. Do programa das festas religiosas e das festas do Munic\u00edpio, organizado pela respectiva Irmandade, com o patroc\u00ednio e a colabora\u00e7\u00e3o da Autarquia, consta o seguinte:<\/p>\n<p>Dia 11 (ter\u00e7a-feira), no Teatro Aveirense:<\/p>\n<p>21.00H \u2013 Sess\u00e3o solene de entrega de Distin\u00e7\u00f5es Honor\u00edficas.<\/p>\n<p>Dia 12 (quarta-feira):<\/p>\n<p>10h00 \u2013 Hastear da bandeira municipal nos Pa\u00e7os do Concelho.<\/p>\n<p>10h00 \u2013 Investidura de novos irm\u00e3os da Irmandade, na Igreja de Jesus<\/p>\n<p>10h30 \u2013 Eucaristia sob a presid\u00eancia do Sr. Bispo, na S\u00e9.<\/p>\n<p>16h00 \u2013 Prociss\u00e3o de Santa Joana, com o percurso habitual.<\/p>\n<p>21h30 \u2013 Concerto pela Filarmonia das Beiras, Banda Amizade e Grupos Corais, no Teatro Aveirense.<\/p>\n","protected":false},"excerpt":{"rendered":"<p>No pr\u00f3ximo dia 12 de Maio, feriado municipal de Aveiro, ocorre o dia da solenidade lit\u00fargica da nossa Padroeira Santa Joana. Do programa das festas religiosas e das festas do Munic\u00edpio, organizado pela respectiva Irmandade, com o patroc\u00ednio e a colabora\u00e7\u00e3o da Autarquia, consta o seguinte: Dia 11 (ter\u00e7a-feira), no Teatro Aveirense: 21.00H \u2013 Sess\u00e3o [&hellip;]<\/p>\n","protected":false},"author":1,"featured_media":0,"comment_status":"open","ping_status":"open","sticky":false,"template":"","format":"standard","meta":{"footnotes":""},"categories":[70],"tags":[],"class_list":["post-1367","post","type-post","status-publish","format-standard","hentry","category-diocese"],"_links":{"self":[{"href":"https:\/\/sites.ecclesia.pt\/cv\/wp-json\/wp\/v2\/posts\/1367","targetHints":{"allow":["GET"]}}],"collection":[{"href":"https:\/\/sites.ecclesia.pt\/cv\/wp-json\/wp\/v2\/posts"}],"about":[{"href":"https:\/\/sites.ecclesia.pt\/cv\/wp-json\/wp\/v2\/types\/post"}],"author":[{"embeddable":true,"href":"https:\/\/sites.ecclesia.pt\/cv\/wp-json\/wp\/v2\/users\/1"}],"replies":[{"embeddable":true,"href":"https:\/\/sites.ecclesia.pt\/cv\/wp-json\/wp\/v2\/comments?post=1367"}],"version-history":[{"count":0,"href":"https:\/\/sites.ecclesia.pt\/cv\/wp-json\/wp\/v2\/posts\/1367\/revisions"}],"wp:attachment":[{"href":"https:\/\/sites.ecclesia.pt\/cv\/wp-json\/wp\/v2\/media?parent=1367"}],"wp:term":[{"taxonomy":"category","embeddable":true,"href":"https:\/\/sites.ecclesia.pt\/cv\/wp-json\/wp\/v2\/categories?post=1367"},{"taxonomy":"post_tag","embeddable":true,"href":"https:\/\/sites.ecclesia.pt\/cv\/wp-json\/wp\/v2\/tags?post=1367"}],"curies":[{"name":"wp","href":"https:\/\/api.w.org\/{rel}","templated":true}]}}