{"id":1368,"date":"2010-05-05T09:35:00","date_gmt":"2010-05-05T09:35:00","guid":{"rendered":"http:\/\/localhost:81\/wp1\/?p=1368"},"modified":"2010-05-05T09:35:00","modified_gmt":"2010-05-05T09:35:00","slug":"diacono-porfirio-homenageado-em-oia","status":"publish","type":"post","link":"https:\/\/sites.ecclesia.pt\/cv\/diacono-porfirio-homenageado-em-oia\/","title":{"rendered":"Di\u00e1cono Porf\u00edrio homenageado em Oi\u00e3"},"content":{"rendered":"<p>Natural da freguesia de Nossa Senhora de F\u00e1tima (Aveiro), o di\u00e1cono prof\u00edrio Carvalho colaborou 17 anos na par\u00f3quia de Oi\u00e3<\/p>\n<p>No domingo, 25 de Abril, Dia do Bom Pastor, foi alvo de significativa homenagem o di\u00e1cono Porf\u00edrio de Carvalho que desempenha as suas fun\u00e7\u00f5es na freguesia de Oi\u00e3, com muito zelo, disponibilidade e inteira dedica\u00e7\u00e3o, desde h\u00e1 17 anos. Mais de 300 pessoas fizeram quest\u00e3o de marcar presen\u00e7a, para manifestar-lhe simpatia, amizade e gratid\u00e3o.<\/p>\n<p>A homenagem teve duas partes distintas, mas sequentes: a primeira consubstanciou-se na Eucaristia dominical, presidida pelo bispo em\u00e9rito de Aveiro, D. Ant\u00f3nio Marcelino, acolitado pelo p\u00e1roco, P.e M\u00e1rio Ferreira, e di\u00e1conos, Porf\u00edrio, Carlos Nunes e Afonso Henrique, de Recard\u00e3es; a segunda decorreu no Restaurante D. Rog\u00e9rio, com sal\u00e3o cheio. Al\u00e9m do bispo, estiveram presentes os presidentes da Junta de Freguesia de Oi\u00e3  e C\u00e2mara Municipal de Oliveira do Bairro, respectivamente, Dinis dos Reis Bartolomeu e M\u00e1rio Jo\u00e3o Oliveira; um pouco mais tarde, P.e Fernando Carvalho, Mons. Jo\u00e3o Gon\u00e7alves Gaspar e P.e Jos\u00e9 Belinquete, que esteve ligado \u00e0 par\u00f3quia no tempo do P.e Ant\u00f3nio Cruz. Bem como marcou presen\u00e7a o di\u00e1cono Carlos Nunes. E evidentemente a figura central, o homenageado, acompanhado de sua esposa, que v\u00e1rias vezes se emocionou. Ou melhor, naturalmente ambos se emocionaram.<\/p>\n<p>Muitas li\u00e7\u00f5es de vida<\/p>\n<p>N\u00e3o faltaram as interven\u00e7\u00f5es. D. Ant\u00f3nio Marcelino que considerou o Di\u00e1cono Porf\u00edrio \u201cuma ajuda indispens\u00e1vel\u201d para o P.e Artur, sobretudo nos tempos dif\u00edceis da doen\u00e7a deste, e elogiou a sua dedica\u00e7\u00e3o \u00e0s tarefas apost\u00f3licas, durante a homilia, haveria de afirmar que, embora com 82 anos, para ele \u201cn\u00e3o h\u00e1 cansa\u00e7o\u201d e mostrou-se satisfeito pelo facto da par\u00f3quia saber ser-lhe grata. Afinal, \u201ca gratid\u00e3o \u00e9 um sentimento crist\u00e3o\u201d, mas tamb\u00e9m lembrou que \u201ch\u00e1 muita gente que trabalha para o bem comum e depois recebe pedradas\u201d. Felizmente, n\u00e3o \u00e9 o caso.<\/p>\n<p>Por sua vez, M\u00e1rio Jo\u00e3o Oliveira mostrou \u201cmuita alegria\u201d em estar presente e constatar que, \u201cde forma expressa reconhecida\u201d, as pessoas quiseram \u201cagradecer de viva voz o que deu \u00e0 par\u00f3quia de Oi\u00e3, pelo que de facto fez, com coragem e vitalidade (\u2026). Integro-me nesta fam\u00edlia. Muitas li\u00e7\u00f5es de vida nos transmitiu pelas suas homi-lias\u201d. Louvou ainda a iniciativa, pois \u00e9 de seu entendimento que as homenagens devem ser feitas em vida. Agradeceu ainda em nome do Agrupamento de Escuteiros \u201ctodo o empenho e paci\u00eancia que teve\u201d.<\/p>\n<p>Dinis Bartolomeu salientou que \u201cele merece esta homenagem\u201d e deixou um desejo: que \u201ccontinue com esta for\u00e7a\u201d. J\u00e1 o presidente da Junta de Fermentelos, onde o di\u00e1cono Porf\u00edrio prestou tamb\u00e9m servi\u00e7o, Carlos Nolasco, refor\u00e7ou: \u201cEsta homenagem \u00e9 de toda a justi\u00e7a\u201d, lembrando que h\u00e1 pessoas que dedicam \u201cuma vida aos outros e nem sempre s\u00e3o reconhecidas\u201d.<\/p>\n<p>Em nome da comunidade, falou o signat\u00e1rio.<\/p>\n<p>\u201cObrigado a todos v\u00f3s\u201d<\/p>\n<p>Numa outra ordem de discursos, em nome da fam\u00edlia, falou o filho, P.e Fernando Carvalho, para salientar: \u201cAgrade\u00e7o ao meu pai a representa\u00e7\u00e3o que fez da fam\u00edlia\u201d, mas lembrando o \u00f3bvio: que, por detr\u00e1s de um grande homem, est\u00e1 uma grande mulher, que havia de ser homenageada com uma salva de palmas e a entrega de um ramo de flores. Por sua vez, Mons. Jo\u00e3o Gon\u00e7alves Gaspar lembrou que o di\u00e1cono Porf\u00edrio tem realizado na freguesia o lema: \u201cAmar a Deus \u00e9 servir\u201d. Da\u00ed esta homenagem de gratid\u00e3o pela vida e pelo servi\u00e7o.<\/p>\n<p>Visivelmente emocionado, di\u00e1cono Porf\u00edrio, que partiu o bolo de festa (oferta da padaria Central de Oi\u00e3) e recebeu uma lembran\u00e7a em cer\u00e2mica (a \u00faltima Ceia de Cristo, com Cristo Ressuscitado, uma produ\u00e7\u00e3o da Porcel), quis real\u00e7ar: \u201cSinto-me pequenino no meio de v\u00f3s\u201d. Agradeceu o apoio que mulher e filhos lhe sempre deram, para al\u00e9m da religi\u00e3o e pol\u00edtica de cada um. E continuou: \u201cQuero agradecer a todos v\u00f3s o carinho que sempre me deram. Fui aceite desde a primeira hora. Obrigado a todos v\u00f3s. A minha alma tem que agradecer ao Senhor, porque olhou para a minha humildade. Com tudo isto, sinto-me devedor a cada um de v\u00f3s. Agora, \u00e9 que fico a dever a Deus e a v\u00f3s alguma coisa\u201d. <\/p>\n<p>Armor Pires Mota<\/p>\n","protected":false},"excerpt":{"rendered":"<p>Natural da freguesia de Nossa Senhora de F\u00e1tima (Aveiro), o di\u00e1cono prof\u00edrio Carvalho colaborou 17 anos na par\u00f3quia de Oi\u00e3 No domingo, 25 de Abril, Dia do Bom Pastor, foi alvo de significativa homenagem o di\u00e1cono Porf\u00edrio de Carvalho que desempenha as suas fun\u00e7\u00f5es na freguesia de Oi\u00e3, com muito zelo, disponibilidade e inteira dedica\u00e7\u00e3o, [&hellip;]<\/p>\n","protected":false},"author":1,"featured_media":0,"comment_status":"open","ping_status":"open","sticky":false,"template":"","format":"standard","meta":{"footnotes":""},"categories":[70],"tags":[],"class_list":["post-1368","post","type-post","status-publish","format-standard","hentry","category-diocese"],"_links":{"self":[{"href":"https:\/\/sites.ecclesia.pt\/cv\/wp-json\/wp\/v2\/posts\/1368","targetHints":{"allow":["GET"]}}],"collection":[{"href":"https:\/\/sites.ecclesia.pt\/cv\/wp-json\/wp\/v2\/posts"}],"about":[{"href":"https:\/\/sites.ecclesia.pt\/cv\/wp-json\/wp\/v2\/types\/post"}],"author":[{"embeddable":true,"href":"https:\/\/sites.ecclesia.pt\/cv\/wp-json\/wp\/v2\/users\/1"}],"replies":[{"embeddable":true,"href":"https:\/\/sites.ecclesia.pt\/cv\/wp-json\/wp\/v2\/comments?post=1368"}],"version-history":[{"count":0,"href":"https:\/\/sites.ecclesia.pt\/cv\/wp-json\/wp\/v2\/posts\/1368\/revisions"}],"wp:attachment":[{"href":"https:\/\/sites.ecclesia.pt\/cv\/wp-json\/wp\/v2\/media?parent=1368"}],"wp:term":[{"taxonomy":"category","embeddable":true,"href":"https:\/\/sites.ecclesia.pt\/cv\/wp-json\/wp\/v2\/categories?post=1368"},{"taxonomy":"post_tag","embeddable":true,"href":"https:\/\/sites.ecclesia.pt\/cv\/wp-json\/wp\/v2\/tags?post=1368"}],"curies":[{"name":"wp","href":"https:\/\/api.w.org\/{rel}","templated":true}]}}