{"id":13688,"date":"2008-11-19T16:29:00","date_gmt":"2008-11-19T16:29:00","guid":{"rendered":"http:\/\/localhost:81\/wp1\/?p=13688"},"modified":"2008-11-19T16:29:00","modified_gmt":"2008-11-19T16:29:00","slug":"o-que-e-que-quererao-os-professores-parte-ii","status":"publish","type":"post","link":"https:\/\/sites.ecclesia.pt\/cv\/o-que-e-que-quererao-os-professores-parte-ii\/","title":{"rendered":"O que \u00e9 que querer\u00e3o os professores? &#8211; parte II"},"content":{"rendered":"<p>Ponta de Lan\u00e7a <!--more--> Retomando o assunto, premente, os professores querer\u00e3o dar o seu contributo para que o mundo (que \u00e9 a escola e todos os que nela habitam) tenha esperan\u00e7a!<\/p>\n<p>\u00c9 evidente que uma estrutura consent\u00e2nea com os tempos actuais (o h\u00e1bito tamb\u00e9m faz o monge!) reorienta tudo. Veja-se, a t\u00edtulo mera-mente comparativo, a concep\u00e7\u00e3o arquitect\u00f3nico do patrim\u00f3nio religioso antes e depois do Conc\u00edlio!<\/p>\n<p>O curr\u00edculo \u00e9 nacional mas, tamb\u00e9m com as transfer\u00eancias de compet\u00eancias (Decreto-Lei n.\u00ba 144\/2008, de 28 de Julho), \u00e9 curioso que s\u00f3, sublinhe-se, passa para a esfera local o a) Pessoal n\u00e3o docente das escolas b\u00e1sicas e da educa\u00e7\u00e3o pr\u00e9-escolar; b) Componente de apoio \u00e0 fam\u00edlia, designadamente o fornecimento de refei\u00e7\u00f5es e apoio ao prolongamento de hor\u00e1rio na educa\u00e7\u00e3o pr\u00e9-escolar; c) Actividades de enriquecimento curriular no 1.\u00ba ciclo do ensino b\u00e1sico; d) Gest\u00e3o do parque escolar nos 2.\u00ba e 3.\u00ba ciclos do ensino b\u00e1sico; e) Ac\u00e7\u00e3o social escolar nos 2.\u00ba e 3.\u00ba ciclos do ensino b\u00e1sico; f) Transportes escolares relativos ao 3.\u00ba ciclo do ensino. Portanto, s\u00f3 encargos econ\u00f3mico-administrativos. Incultura\u00e7\u00e3o e inser\u00e7\u00e3o social da escola na comunidade local\u2026 nada! Revelador!<\/p>\n<p>Nos ciclos (de estudos) \u2013 o mesmo ser\u00e1 dizer a org\u00e2nica da coisa \u2013 dever-se-\u00e3o ponderar as idades e maturida-des; as ofertas formativas e educativas tamb\u00e9m beneficiar\u00e3o com a inclus\u00e3o do tecido empresarial e cultural onde est\u00e3o inseridos. Os contributos inovadores de cada comunidade desenvolver\u00e3o outras compet\u00eancias.<\/p>\n<p>E os professores t\u00eam em mente tamb\u00e9m:<\/p>\n<p>d) a diferencia\u00e7\u00e3o positiva da escola.<\/p>\n<p>A escola \u00e9 o \u00faltimo deposit\u00e1rio de valores e compet\u00eancias no choque dos mundos! Aqui h\u00e1 lugar para todos, todos s\u00e3o bem-vindos e todos passam por l\u00e1. Mas que escola \u00e9 essa?<\/p>\n<p>N\u00e3o \u00e9 poss\u00edvel nivelar a escola pelos que n\u00e3o a querem! \u00c9 importante trabalhar concomitantemente o tr\u00edptico: compet\u00eancia \u2013 oportunidade \u2013 rigor. <\/p>\n<p>Compet\u00eancia para os que t\u00eam, por motivos diversos, horizontes de futuro. Que l\u00eaem para al\u00e9m da letra. Consciencializa\u00e7\u00e3o para a \u00fanica via de oportunidade para desenvolvimento. Rigor para todos, nos processos, nas ofertas, nos resultados.<\/p>\n<p>Independentemente de todas as correntes de pensamento e laborat\u00f3-rios de ci\u00eancias de educa\u00e7\u00e3o, \u00e9 incomport\u00e1vel trabalhar com quem n\u00e3o quer. O mesmo pedagogo trabalha em simult\u00e2neo com vinte e dois a vinte e oito actores e outros tantos humores e vontades. Tudo isto de noventa em noventa minutos, com o mesmo grau de intensidade, com a mesma exig\u00eancia de capaci-dades f\u00edsicas, emocionais, intelec-tuais. \u00c9 um lugar t\u00e3o comum como aut\u00eantico.<\/p>\n<p>e) a escola fonte de futuro.<\/p>\n<p>Uma sociedade livre de quotas! Quotas?! Que coisa horr\u00edvel. O profes-sor prepara o futuro do pa\u00eds em todas as \u00e1reas! Ali\u00e1s, quanto maior \u00e9 a incapacidade de resolver este assunto mais se acentua a deficiente prepa-ra\u00e7\u00e3o que a escola deu a quem a ministra. <\/p>\n<p>S\u00e3o necess\u00e1rios professores excelentes e reconhecidos como tal. A dignidade que for acometida a esta profiss\u00e3o \u00e9 garante de serenidade dos alunos (quando chegam a casa, seja ela de quem for) e desenvolvimento de compet\u00eancias (nas \u00e1reas que o mundo clama!).<\/p>\n<p>Esta \u00e9 uma das profiss\u00f5es em que que todos dever\u00e3o chegar ao topo, a ess\u00eancia e imperativo da premissa. Por\u00e9m, as conting\u00eancias do hist\u00f3rico profissional de cada um far\u00e3o, em cada etapa, a gradua\u00e7\u00e3o, a diferen\u00e7a. Mas por princ\u00edpio todos poder\u00e3o ser excelentes, porque queremos resultados exclentes, alunos excelentes. Queremos, n\u00f3s, cada cidad\u00e3o, o melhor na prepara\u00e7\u00e3o do nosso futuro comum (os alunos)!<\/p>\n<p>Desportivamente\u2026 pelo desporto!<\/p>\n","protected":false},"excerpt":{"rendered":"<p>Ponta de Lan\u00e7a<\/p>\n","protected":false},"author":1,"featured_media":0,"comment_status":"open","ping_status":"open","sticky":false,"template":"","format":"standard","meta":{"footnotes":""},"categories":[46],"tags":[],"class_list":["post-13688","post","type-post","status-publish","format-standard","hentry","category-desporto"],"_links":{"self":[{"href":"https:\/\/sites.ecclesia.pt\/cv\/wp-json\/wp\/v2\/posts\/13688","targetHints":{"allow":["GET"]}}],"collection":[{"href":"https:\/\/sites.ecclesia.pt\/cv\/wp-json\/wp\/v2\/posts"}],"about":[{"href":"https:\/\/sites.ecclesia.pt\/cv\/wp-json\/wp\/v2\/types\/post"}],"author":[{"embeddable":true,"href":"https:\/\/sites.ecclesia.pt\/cv\/wp-json\/wp\/v2\/users\/1"}],"replies":[{"embeddable":true,"href":"https:\/\/sites.ecclesia.pt\/cv\/wp-json\/wp\/v2\/comments?post=13688"}],"version-history":[{"count":0,"href":"https:\/\/sites.ecclesia.pt\/cv\/wp-json\/wp\/v2\/posts\/13688\/revisions"}],"wp:attachment":[{"href":"https:\/\/sites.ecclesia.pt\/cv\/wp-json\/wp\/v2\/media?parent=13688"}],"wp:term":[{"taxonomy":"category","embeddable":true,"href":"https:\/\/sites.ecclesia.pt\/cv\/wp-json\/wp\/v2\/categories?post=13688"},{"taxonomy":"post_tag","embeddable":true,"href":"https:\/\/sites.ecclesia.pt\/cv\/wp-json\/wp\/v2\/tags?post=13688"}],"curies":[{"name":"wp","href":"https:\/\/api.w.org\/{rel}","templated":true}]}}