{"id":1369,"date":"2010-05-05T09:35:00","date_gmt":"2010-05-05T09:35:00","guid":{"rendered":"http:\/\/localhost:81\/wp1\/?p=1369"},"modified":"2010-05-05T09:35:00","modified_gmt":"2010-05-05T09:35:00","slug":"palestra-do-p-e-feytor-pinto-na-vera-cruz","status":"publish","type":"post","link":"https:\/\/sites.ecclesia.pt\/cv\/palestra-do-p-e-feytor-pinto-na-vera-cruz\/","title":{"rendered":"Palestra do P.e Feytor Pinto na Vera Cruz"},"content":{"rendered":"<p>\u201cA Fam\u00edlia (crist\u00e3) numa sociedade em mudan\u00e7a\u201d \u00e9 o tema da palestra do P.e Victor Feytor Pinto, que ter\u00e1 lugar na Par\u00f3quia da Vera Cruz, no dia 7 de Maio \u00e0s 21h30. O p\u00e1roco de Campo Grande (Lisboa) fala a convite da Pastoral Familiar da par\u00f3quia aveirense.<\/p>\n<p>\u201cDada a conjuntura que vivemos em Portugal no que \u00e0 fam\u00edlia diz respeito, entendemos ser um tema a merecer uma s\u00e9ria reflex\u00e3o da nossa parte, particularmente de todos aqueles que fazem parte de uma fam\u00edlia que se diz crist\u00e3: que casa na Igreja, que baptiza os seus filhos, que procura viver de acordo com as suas propostas\u201d, afirma a equipa que promove a palestra. A iniciativa \u00e9 aberta a todos os interessados e tem entrada livre.<\/p>\n","protected":false},"excerpt":{"rendered":"<p>\u201cA Fam\u00edlia (crist\u00e3) numa sociedade em mudan\u00e7a\u201d \u00e9 o tema da palestra do P.e Victor Feytor Pinto, que ter\u00e1 lugar na Par\u00f3quia da Vera Cruz, no dia 7 de Maio \u00e0s 21h30. O p\u00e1roco de Campo Grande (Lisboa) fala a convite da Pastoral Familiar da par\u00f3quia aveirense. \u201cDada a conjuntura que vivemos em Portugal no [&hellip;]<\/p>\n","protected":false},"author":1,"featured_media":0,"comment_status":"open","ping_status":"open","sticky":false,"template":"","format":"standard","meta":{"footnotes":""},"categories":[70],"tags":[],"class_list":["post-1369","post","type-post","status-publish","format-standard","hentry","category-diocese"],"_links":{"self":[{"href":"https:\/\/sites.ecclesia.pt\/cv\/wp-json\/wp\/v2\/posts\/1369","targetHints":{"allow":["GET"]}}],"collection":[{"href":"https:\/\/sites.ecclesia.pt\/cv\/wp-json\/wp\/v2\/posts"}],"about":[{"href":"https:\/\/sites.ecclesia.pt\/cv\/wp-json\/wp\/v2\/types\/post"}],"author":[{"embeddable":true,"href":"https:\/\/sites.ecclesia.pt\/cv\/wp-json\/wp\/v2\/users\/1"}],"replies":[{"embeddable":true,"href":"https:\/\/sites.ecclesia.pt\/cv\/wp-json\/wp\/v2\/comments?post=1369"}],"version-history":[{"count":0,"href":"https:\/\/sites.ecclesia.pt\/cv\/wp-json\/wp\/v2\/posts\/1369\/revisions"}],"wp:attachment":[{"href":"https:\/\/sites.ecclesia.pt\/cv\/wp-json\/wp\/v2\/media?parent=1369"}],"wp:term":[{"taxonomy":"category","embeddable":true,"href":"https:\/\/sites.ecclesia.pt\/cv\/wp-json\/wp\/v2\/categories?post=1369"},{"taxonomy":"post_tag","embeddable":true,"href":"https:\/\/sites.ecclesia.pt\/cv\/wp-json\/wp\/v2\/tags?post=1369"}],"curies":[{"name":"wp","href":"https:\/\/api.w.org\/{rel}","templated":true}]}}