{"id":1370,"date":"2010-05-05T09:36:00","date_gmt":"2010-05-05T09:36:00","guid":{"rendered":"http:\/\/localhost:81\/wp1\/?p=1370"},"modified":"2010-05-05T09:36:00","modified_gmt":"2010-05-05T09:36:00","slug":"cursilhos-ultreia-diocesana","status":"publish","type":"post","link":"https:\/\/sites.ecclesia.pt\/cv\/cursilhos-ultreia-diocesana\/","title":{"rendered":"Cursilhos: Ultreia Diocesana"},"content":{"rendered":"<p>O Movimento dos Cursilhos de Cristandade promove no dia 6 de Maio, quinta-feira, pelas 21h30 uma Ultreia Diocesana para recep\u00e7\u00e3o dos novos cursilhistas do 82.\u00ba de homens e 67.\u00ba de senhoras, bem como para os participantes do 47.\u00ba minicursilho para casais. A ca\u00e7\u00e3o realiza-se no Semin\u00e1rio de Santa Joana, em Aveiro.<\/p>\n","protected":false},"excerpt":{"rendered":"<p>O Movimento dos Cursilhos de Cristandade promove no dia 6 de Maio, quinta-feira, pelas 21h30 uma Ultreia Diocesana para recep\u00e7\u00e3o dos novos cursilhistas do 82.\u00ba de homens e 67.\u00ba de senhoras, bem como para os participantes do 47.\u00ba minicursilho para casais. A ca\u00e7\u00e3o realiza-se no Semin\u00e1rio de Santa Joana, em Aveiro.<\/p>\n","protected":false},"author":1,"featured_media":0,"comment_status":"open","ping_status":"open","sticky":false,"template":"","format":"standard","meta":{"footnotes":""},"categories":[70],"tags":[],"class_list":["post-1370","post","type-post","status-publish","format-standard","hentry","category-diocese"],"_links":{"self":[{"href":"https:\/\/sites.ecclesia.pt\/cv\/wp-json\/wp\/v2\/posts\/1370","targetHints":{"allow":["GET"]}}],"collection":[{"href":"https:\/\/sites.ecclesia.pt\/cv\/wp-json\/wp\/v2\/posts"}],"about":[{"href":"https:\/\/sites.ecclesia.pt\/cv\/wp-json\/wp\/v2\/types\/post"}],"author":[{"embeddable":true,"href":"https:\/\/sites.ecclesia.pt\/cv\/wp-json\/wp\/v2\/users\/1"}],"replies":[{"embeddable":true,"href":"https:\/\/sites.ecclesia.pt\/cv\/wp-json\/wp\/v2\/comments?post=1370"}],"version-history":[{"count":0,"href":"https:\/\/sites.ecclesia.pt\/cv\/wp-json\/wp\/v2\/posts\/1370\/revisions"}],"wp:attachment":[{"href":"https:\/\/sites.ecclesia.pt\/cv\/wp-json\/wp\/v2\/media?parent=1370"}],"wp:term":[{"taxonomy":"category","embeddable":true,"href":"https:\/\/sites.ecclesia.pt\/cv\/wp-json\/wp\/v2\/categories?post=1370"},{"taxonomy":"post_tag","embeddable":true,"href":"https:\/\/sites.ecclesia.pt\/cv\/wp-json\/wp\/v2\/tags?post=1370"}],"curies":[{"name":"wp","href":"https:\/\/api.w.org\/{rel}","templated":true}]}}