{"id":1371,"date":"2010-05-05T09:36:00","date_gmt":"2010-05-05T09:36:00","guid":{"rendered":"http:\/\/localhost:81\/wp1\/?p=1371"},"modified":"2010-05-05T09:36:00","modified_gmt":"2010-05-05T09:36:00","slug":"armando-leandro-que-pais-podem-esperar-os-filhos","status":"publish","type":"post","link":"https:\/\/sites.ecclesia.pt\/cv\/armando-leandro-que-pais-podem-esperar-os-filhos\/","title":{"rendered":"Armando Leandro: &#8220;Que pais podem esperar os filhos?&#8221;"},"content":{"rendered":"<p>O Juiz Conselheiro Armando Leandro \u00e9 o convidado de hoje nas \u201cTert\u00falias \u00e0 Quarta\u201d. O presidente da Comiss\u00e3o Nacional de Protec\u00e7\u00e3o de Crian\u00e7as e Jovens em Risco interv\u00e9m no CUFC, \u00e0s 21h, respondendo \u00e0 quest\u00e3o \u201cQue pais podem esperar os filhos?\u201d Entrada livre.<\/p>\n","protected":false},"excerpt":{"rendered":"<p>O Juiz Conselheiro Armando Leandro \u00e9 o convidado de hoje nas \u201cTert\u00falias \u00e0 Quarta\u201d. O presidente da Comiss\u00e3o Nacional de Protec\u00e7\u00e3o de Crian\u00e7as e Jovens em Risco interv\u00e9m no CUFC, \u00e0s 21h, respondendo \u00e0 quest\u00e3o \u201cQue pais podem esperar os filhos?\u201d Entrada livre.<\/p>\n","protected":false},"author":1,"featured_media":0,"comment_status":"open","ping_status":"open","sticky":false,"template":"","format":"standard","meta":{"footnotes":""},"categories":[70],"tags":[],"class_list":["post-1371","post","type-post","status-publish","format-standard","hentry","category-diocese"],"_links":{"self":[{"href":"https:\/\/sites.ecclesia.pt\/cv\/wp-json\/wp\/v2\/posts\/1371","targetHints":{"allow":["GET"]}}],"collection":[{"href":"https:\/\/sites.ecclesia.pt\/cv\/wp-json\/wp\/v2\/posts"}],"about":[{"href":"https:\/\/sites.ecclesia.pt\/cv\/wp-json\/wp\/v2\/types\/post"}],"author":[{"embeddable":true,"href":"https:\/\/sites.ecclesia.pt\/cv\/wp-json\/wp\/v2\/users\/1"}],"replies":[{"embeddable":true,"href":"https:\/\/sites.ecclesia.pt\/cv\/wp-json\/wp\/v2\/comments?post=1371"}],"version-history":[{"count":0,"href":"https:\/\/sites.ecclesia.pt\/cv\/wp-json\/wp\/v2\/posts\/1371\/revisions"}],"wp:attachment":[{"href":"https:\/\/sites.ecclesia.pt\/cv\/wp-json\/wp\/v2\/media?parent=1371"}],"wp:term":[{"taxonomy":"category","embeddable":true,"href":"https:\/\/sites.ecclesia.pt\/cv\/wp-json\/wp\/v2\/categories?post=1371"},{"taxonomy":"post_tag","embeddable":true,"href":"https:\/\/sites.ecclesia.pt\/cv\/wp-json\/wp\/v2\/tags?post=1371"}],"curies":[{"name":"wp","href":"https:\/\/api.w.org\/{rel}","templated":true}]}}