{"id":1372,"date":"2010-05-05T09:37:00","date_gmt":"2010-05-05T09:37:00","guid":{"rendered":"http:\/\/localhost:81\/wp1\/?p=1372"},"modified":"2010-05-05T09:37:00","modified_gmt":"2010-05-05T09:37:00","slug":"igreja-quer-ser-ouvida-pelo-governo-sobre-as-questoes-sociais","status":"publish","type":"post","link":"https:\/\/sites.ecclesia.pt\/cv\/igreja-quer-ser-ouvida-pelo-governo-sobre-as-questoes-sociais\/","title":{"rendered":"Igreja quer ser ouvida pelo Governo sobre as quest\u00f5es sociais"},"content":{"rendered":"<p>D. Carlos Azevedo diz que existem \u00abquest\u00f5es pendentes\u00bb nas rela\u00e7\u00f5es com o executivo<\/p>\n<p>O presidente da Comiss\u00e3o Episcopal da Pastoral Social, D. Carlos Azevedo, considera que a Igreja deveria ser ouvida pelo Governo sobre as quest\u00f5es sociais, dado o seu conhecimento do terreno.<\/p>\n<p>O Bispo auxiliar de Lisboa admitiu que h\u00e1 \u201cquest\u00f5es pendentes na \u00e1rea do social, nos centros sociais, no apoio aos idosos\u201d.<\/p>\n<p>\u201cA Igreja, dada a import\u00e2ncia que tem no sector social, devia ser chamada &#8211; esse \u00e9 o dinamismo da democracia &#8211; a participar nos \u00f3rg\u00e3os de decis\u00e3o para poder aconselhar, porque conhece bem o terreno, o legislador, para ele ser mais coerente e n\u00f3s n\u00e3o recebermos s\u00f3 as determina\u00e7\u00f5es sem participarmos na sua feitura\u201d, indicou este respons\u00e1vel, em declara\u00e7\u00f5es \u00e0 ag\u00eancia noticiosa cat\u00f3lica Ecclesia.<\/p>\n<p>D. Carlos Azevedo, diz que a pouca participa\u00e7\u00e3o dos cidad\u00e3os nas decis\u00f5es \u00e9 \u201calgo que atravessa a sociedade portuguesa\u201d.<\/p>\n<p>Este respons\u00e1vel era questionado a respeito das declara\u00e7\u00f5es do ministro da presid\u00eancia, Pedro Silva Pereira, que destacava o bom relacionamento entre a Igreja e o Estado.<\/p>\n<p>D. Carlos Azevedo frisou que \u201cas grandes quest\u00f5es com o Estado v\u00e3o sendo resolvidas, mas h\u00e1 uma quest\u00e3o, o ensino religioso, que est\u00e1 ainda em aberto e que \u00e9 necess\u00e1rio enfrentar com clareza\u201d.<\/p>\n<p>A n\u00edvel cultural considera que tem havido articula\u00e7\u00e3o com o Minist\u00e9rio da Cultura, com receptividade \u00e0s propostas, dando como exemplo a \u201cRota das Catedrais\u201d, um projecto a que se vai dar mais aten\u00e7\u00e3o em Junho, depois da visita do Papa.<\/p>\n<p>Do ponto de vista do patrim\u00f3nio, D. Carlos Azevedo diz que seria necess\u00e1rio \u201cum quadro legal transparente\u201d, em que todos soubessem o que pertence a quem nos Monumentos Nacionais que s\u00e3o propriedade do Estado mas est\u00e3o a uso da Igreja.<\/p>\n<p>\u201cV\u00e3o-se resolvendo os problemas mas se houvesse um enquadramento global e legal seria mais simples para todos\u201d, conclui.<\/p>\n<p>A Concordata de 2004 previa a cria\u00e7\u00e3o de Comiss\u00e3o Bilateral para o acompanhamento dos assuntos culturais e de patrim\u00f3nio.<\/p>\n<p>Pedro Silva Pereira admitia que a Comiss\u00e3o tem tido \u201cum funcionamento descontinuado\u201d, revelando que \u201ch\u00e1 a pretens\u00e3o da Igreja e tamb\u00e9m a vontade do Governo que ela seja mais activa\u201d.<\/p>\n<p>Ag\u00eancia Ecclesia<\/p>\n","protected":false},"excerpt":{"rendered":"<p>D. Carlos Azevedo diz que existem \u00abquest\u00f5es pendentes\u00bb nas rela\u00e7\u00f5es com o executivo O presidente da Comiss\u00e3o Episcopal da Pastoral Social, D. Carlos Azevedo, considera que a Igreja deveria ser ouvida pelo Governo sobre as quest\u00f5es sociais, dado o seu conhecimento do terreno. O Bispo auxiliar de Lisboa admitiu que h\u00e1 \u201cquest\u00f5es pendentes na \u00e1rea [&hellip;]<\/p>\n","protected":false},"author":1,"featured_media":0,"comment_status":"open","ping_status":"open","sticky":false,"template":"","format":"standard","meta":{"footnotes":""},"categories":[53],"tags":[],"class_list":["post-1372","post","type-post","status-publish","format-standard","hentry","category-igreja-em-portugal"],"_links":{"self":[{"href":"https:\/\/sites.ecclesia.pt\/cv\/wp-json\/wp\/v2\/posts\/1372","targetHints":{"allow":["GET"]}}],"collection":[{"href":"https:\/\/sites.ecclesia.pt\/cv\/wp-json\/wp\/v2\/posts"}],"about":[{"href":"https:\/\/sites.ecclesia.pt\/cv\/wp-json\/wp\/v2\/types\/post"}],"author":[{"embeddable":true,"href":"https:\/\/sites.ecclesia.pt\/cv\/wp-json\/wp\/v2\/users\/1"}],"replies":[{"embeddable":true,"href":"https:\/\/sites.ecclesia.pt\/cv\/wp-json\/wp\/v2\/comments?post=1372"}],"version-history":[{"count":0,"href":"https:\/\/sites.ecclesia.pt\/cv\/wp-json\/wp\/v2\/posts\/1372\/revisions"}],"wp:attachment":[{"href":"https:\/\/sites.ecclesia.pt\/cv\/wp-json\/wp\/v2\/media?parent=1372"}],"wp:term":[{"taxonomy":"category","embeddable":true,"href":"https:\/\/sites.ecclesia.pt\/cv\/wp-json\/wp\/v2\/categories?post=1372"},{"taxonomy":"post_tag","embeddable":true,"href":"https:\/\/sites.ecclesia.pt\/cv\/wp-json\/wp\/v2\/tags?post=1372"}],"curies":[{"name":"wp","href":"https:\/\/api.w.org\/{rel}","templated":true}]}}