{"id":13865,"date":"2008-12-17T11:53:00","date_gmt":"2008-12-17T11:53:00","guid":{"rendered":"http:\/\/localhost:81\/wp1\/?p=13865"},"modified":"2008-12-17T11:53:00","modified_gmt":"2008-12-17T11:53:00","slug":"amanha-sera-a-apresentacao-formal-da-cira","status":"publish","type":"post","link":"https:\/\/sites.ecclesia.pt\/cv\/amanha-sera-a-apresentacao-formal-da-cira\/","title":{"rendered":"Amanh\u00e3 ser\u00e1 a apresenta\u00e7\u00e3o formal da CIRA"},"content":{"rendered":"<p>Regi\u00e3o de Aveiro \u00e9 a nova designa\u00e7\u00e3o da CIRA <!--more--> Amanh\u00e3, no edif\u00edcio da antiga Capitania de Aveiro, ter\u00e1 lugar a apresenta\u00e7\u00e3o p\u00fablica formal da \u201cRegi\u00e3o de Aveiro \u2013 Comunidade Intermunicipal do Baixo Vouga\u201d, designa\u00e7\u00e3o oficial da Comunidade Intermunicipal da Regi\u00e3o de Aveiro (CIRA), entidade que substitui a AMRia (Associa\u00e7\u00e3o dos Munic\u00edpios da Ria) e a GAMA (Grande \u00c1rea Metropolitana de Aveiro). A cerim\u00f3nia contar\u00e1 com a presen\u00e7a do Secret\u00e1rio de Estado da Administra\u00e7\u00e3o Local, Eduardo Cabrita.<\/p>\n<p>A apresenta\u00e7\u00e3o formal decorrer\u00e1 integrada no programa de uma sess\u00e3o p\u00fablica, que ter\u00e1 in\u00edcio pelas 10 horas, em que tamb\u00e9m ser\u00e3o apresentados os principais projectos e \u00e1reas de interven\u00e7\u00e3o da \u201cRegi\u00e3o de Aveiro\u201d, nomeadamente os que ser\u00e3o comparticipados pelo Programa Operacional do Centro, cujo montante contratualizado com a \u201cRegi\u00e3o de Aveiro\u201d atinge o montante de 60 milh\u00f5es de euros, aos quais h\u00e1 a acrescentar mais 750.000 euros para apoio \u00e0 Assist\u00eancia t\u00e9cnica.<\/p>\n<p>Ribau Esteves afirmou que a \u201cRegi\u00e3o de Aveiro\u201d ir\u00e1 manter uma aten\u00e7\u00e3o pol\u00edtica muito forte sobre temas pendentes de relev\u00e2ncia para a regi\u00e3o, entre as quais, as quest\u00f5es relacionadas com o Hospital Infante D. Pedro (Aveiro), a gest\u00e3o da rede de cuidados prim\u00e1rios de sa\u00fade, a coloca\u00e7\u00e3o de portagens nas auto-estradas da regi\u00e3o (A25, A17 e A29), os acessos ao Porto de Aveiro, a constru\u00e7\u00e3o da Barragem de Ribeiradio, o tra\u00e7ado do TGV na regi\u00e3o, a implementa\u00e7\u00e3o da Comarca do Baixo Vouga.<\/p>\n<p>A comiss\u00e3o executiva da Regi\u00e3o de Aveiro aprovou as Grandes Op\u00e7\u00f5es do Plano e o respectivo Or\u00e7amento da associa\u00e7\u00e3o para o pr\u00f3ximo ano, com um montante de 7,5 milh\u00f5es de euros.<\/p>\n<p>Algumas das medidas previstas d\u00e3o continuidade a projectos j\u00e1 iniciados pelas AMRia e GAMA, antecessoras da \u201cRegi\u00e3o de Aveiro\u201d. Igualmente, ser\u00e3o fortalecidas as parcerias com diversas entidades, nomeadamente a Universidade de Aveiro e as associa\u00e7\u00f5es empresariais, bem como com as associa\u00e7\u00f5es cong\u00e9neres das restantes NUT III do pa\u00eds, com especial destaque para a \u201cEntre Douro e Vouga\u201d.<\/p>\n<p>Na reuni\u00e3o do passado dia 10 de Dezembro, foi tamb\u00e9m aprovado o lan\u00e7amento de um concurso p\u00fablico, aberto a toda a gente, para a concep\u00e7\u00e3o do log\u00f3tipo da \u201cRegi\u00e3o de Aveiro\u201d.<\/p>\n<p>Distribu\u00eddos pelouros<\/p>\n<p>A comiss\u00e3o executiva da \u201cRegi\u00e3o de Aveiro\u201d \u00e9 constitu\u00edda pelos presidentes das onze c\u00e2maras que integram esta associa\u00e7\u00e3o de munic\u00edpios, a qual \u00e9 presidida pelo autarca de \u00cdlhavo, Ribau Esteves.<\/p>\n<p>Para permitir uma melhor funcionalidade da Regi\u00e3o de Aveiro, foram distribu\u00eddos pelouros espec\u00edficos por cada um dos onze autarcas. \u00c9 a seguinte a reparti\u00e7\u00e3o dos pelouros:<\/p>\n<p>Ac\u00e7\u00e3o Social e Sa\u00fade \u2013 Oliveira do Bairro; Actividade Econ\u00f3mica e Protec\u00e7\u00e3o civil \u2013 Vagos; Ambiente e Energia \u2013 Estarreja; Justi\u00e7a e Seguran\u00e7a Social \u2013 Murtosa; Associativismo, Cultura e Desporto \u2013 Sever do Vouga; Desenvolvimento Regional (QREN, Turismo e Associativismo) \u2013 \u00cdlhavo; Educa\u00e7\u00e3o, Juventude e Seniores \u2013 Albergaria-a-Velha; Pol\u00edtica de cidades, Mobilidade e Transportes \u2013 Aveiro; Moderniza\u00e7\u00e3o Administrativa e Forma\u00e7\u00e3o \u2013 \u00c1gueda; Obras Municipais e Intermunicipais \u2013 Anadia; Planeamento e Gest\u00e3o Urban\u00edstica \u2013 Ovar.<\/p>\n","protected":false},"excerpt":{"rendered":"<p>Regi\u00e3o de Aveiro \u00e9 a nova designa\u00e7\u00e3o da CIRA<\/p>\n","protected":false},"author":1,"featured_media":0,"comment_status":"open","ping_status":"open","sticky":false,"template":"","format":"standard","meta":{"footnotes":""},"categories":[45],"tags":[],"class_list":["post-13865","post","type-post","status-publish","format-standard","hentry","category-regioes"],"_links":{"self":[{"href":"https:\/\/sites.ecclesia.pt\/cv\/wp-json\/wp\/v2\/posts\/13865","targetHints":{"allow":["GET"]}}],"collection":[{"href":"https:\/\/sites.ecclesia.pt\/cv\/wp-json\/wp\/v2\/posts"}],"about":[{"href":"https:\/\/sites.ecclesia.pt\/cv\/wp-json\/wp\/v2\/types\/post"}],"author":[{"embeddable":true,"href":"https:\/\/sites.ecclesia.pt\/cv\/wp-json\/wp\/v2\/users\/1"}],"replies":[{"embeddable":true,"href":"https:\/\/sites.ecclesia.pt\/cv\/wp-json\/wp\/v2\/comments?post=13865"}],"version-history":[{"count":0,"href":"https:\/\/sites.ecclesia.pt\/cv\/wp-json\/wp\/v2\/posts\/13865\/revisions"}],"wp:attachment":[{"href":"https:\/\/sites.ecclesia.pt\/cv\/wp-json\/wp\/v2\/media?parent=13865"}],"wp:term":[{"taxonomy":"category","embeddable":true,"href":"https:\/\/sites.ecclesia.pt\/cv\/wp-json\/wp\/v2\/categories?post=13865"},{"taxonomy":"post_tag","embeddable":true,"href":"https:\/\/sites.ecclesia.pt\/cv\/wp-json\/wp\/v2\/tags?post=13865"}],"curies":[{"name":"wp","href":"https:\/\/api.w.org\/{rel}","templated":true}]}}