{"id":13867,"date":"2008-12-17T12:02:00","date_gmt":"2008-12-17T12:02:00","guid":{"rendered":"http:\/\/localhost:81\/wp1\/?p=13867"},"modified":"2008-12-17T12:02:00","modified_gmt":"2008-12-17T12:02:00","slug":"novo-livro-de-senos-da-fonseca-2","status":"publish","type":"post","link":"https:\/\/sites.ecclesia.pt\/cv\/novo-livro-de-senos-da-fonseca-2\/","title":{"rendered":"Novo livro de Senos da Fonseca"},"content":{"rendered":"<p>Receitas para Confer\u00eancias de S. Vicente de Paulo <!--more--> O ilhavense Senos da Fonseca acaba de publicar mais um livro da sua autoria, intitulado \u201cMar\u00e9s\u201d, o qual \u00e9 o sexto volume anual de recolha de textos do blog e do site www.senos fonseca.com.<\/p>\n<p>Com cerca de duzentas p\u00e1ginas, o livro est\u00e1 dividido em tr\u00eas cap\u00edtulos. No primeiro, o autor desenvolve factos da Hist\u00f3ria de \u00cdlhavo, alguns dos quais referidos apenas no seu livro \u201cEnsaio Monogr\u00e1fco de \u00cdlhavo (S\u00e9culo X \u2013 S\u00e9culo XX)\u201d, e que agora completam dados ent\u00e3o inseridos nesse livro, j\u00e1 esgotado no mercado. O segundo cap\u00edtulo trata de \u201cfiguras de relevo do passado misturadas com outras simples de um tempo ainda presente\u201d. O terceiro cap\u00edtulo \u00e9 um \u201colhar sobre a actualidade\u201d, em que o autor regista \u201cestados de alma no tempo que corre\u201d.<\/p>\n","protected":false},"excerpt":{"rendered":"<p>Receitas para Confer\u00eancias de S. Vicente de Paulo<\/p>\n","protected":false},"author":1,"featured_media":0,"comment_status":"open","ping_status":"open","sticky":false,"template":"","format":"standard","meta":{"footnotes":""},"categories":[45],"tags":[],"class_list":["post-13867","post","type-post","status-publish","format-standard","hentry","category-regioes"],"_links":{"self":[{"href":"https:\/\/sites.ecclesia.pt\/cv\/wp-json\/wp\/v2\/posts\/13867","targetHints":{"allow":["GET"]}}],"collection":[{"href":"https:\/\/sites.ecclesia.pt\/cv\/wp-json\/wp\/v2\/posts"}],"about":[{"href":"https:\/\/sites.ecclesia.pt\/cv\/wp-json\/wp\/v2\/types\/post"}],"author":[{"embeddable":true,"href":"https:\/\/sites.ecclesia.pt\/cv\/wp-json\/wp\/v2\/users\/1"}],"replies":[{"embeddable":true,"href":"https:\/\/sites.ecclesia.pt\/cv\/wp-json\/wp\/v2\/comments?post=13867"}],"version-history":[{"count":0,"href":"https:\/\/sites.ecclesia.pt\/cv\/wp-json\/wp\/v2\/posts\/13867\/revisions"}],"wp:attachment":[{"href":"https:\/\/sites.ecclesia.pt\/cv\/wp-json\/wp\/v2\/media?parent=13867"}],"wp:term":[{"taxonomy":"category","embeddable":true,"href":"https:\/\/sites.ecclesia.pt\/cv\/wp-json\/wp\/v2\/categories?post=13867"},{"taxonomy":"post_tag","embeddable":true,"href":"https:\/\/sites.ecclesia.pt\/cv\/wp-json\/wp\/v2\/tags?post=13867"}],"curies":[{"name":"wp","href":"https:\/\/api.w.org\/{rel}","templated":true}]}}