{"id":13872,"date":"2008-12-17T12:07:00","date_gmt":"2008-12-17T12:07:00","guid":{"rendered":"http:\/\/localhost:81\/wp1\/?p=13872"},"modified":"2008-12-17T12:07:00","modified_gmt":"2008-12-17T12:07:00","slug":"primeira-exposicao-individual-de-maria-melo","status":"publish","type":"post","link":"https:\/\/sites.ecclesia.pt\/cv\/primeira-exposicao-individual-de-maria-melo\/","title":{"rendered":"Primeira exposi\u00e7\u00e3o individual de Maria Melo"},"content":{"rendered":"<p>Na Junta de S. Salvador <!--more--> Na sala de exposi\u00e7\u00f5es da Junta de Freguesia de S\u00e3o Salvador (\u00cdlhavo), encontra-se patente ao p\u00fablico, at\u00e9 ao dia 21 de Dezembro, a primeira exposi\u00e7\u00e3o individual de pintura da artista Maria Melo, intitulada \u201cPintura com segredo\u201d.<\/p>\n<p>A figura humana \u00e9 o tema mais em destaque nesta exposi\u00e7\u00e3o, tema em que a artista evidencia grande \u00e0-vontade e mestria. Bailarinas, mulheres e rostos femininos d\u00e3o um toque \u201chumano\u201d a esta mostra, na qual mesmo as telas com pendor mais abstraccionista tamb\u00e9m t\u00eam algo de figurativo e feminino. Logo no hall da galeria, a artista apresenta quatro estudos, retratando o corpo humano, que mostra bem as suas qualidades como \u201cretratista\u201d do corpo e do movimento corporal. A presen\u00e7a humana tamb\u00e9m se faz sentir num quadro com os t\u00edpicos barcos moliceiros.<\/p>\n<p>Exceptuando os quatro \u201cestudos\u201d, que s\u00e3o a preto e branco, todos os outros quadros s\u00e3o pinturas a acr\u00edlico, e tamb\u00e9m algumas a \u00f3leo, sobre tela.<\/p>\n<p>Maria Melo nasceu em Aveiro, em 1967, e reside actualmente na Gafanha da Encarna\u00e7\u00e3o. \u00c9 licenciada em organiza\u00e7\u00e3o e gest\u00e3o de empresas, pelo ISCTE, mas dedica-se \u00e0 pintura desde 2003. Na Faculdade de Belas Artes da Universidade do Porto, frequenta os cursos de desenho do corpo e de desenho livre, ministrados por M\u00e1rio Bismarck e Ricardo Leite, respectivamente.<\/p>\n<p>C.F.<\/p>\n","protected":false},"excerpt":{"rendered":"<p>Na Junta de S. Salvador<\/p>\n","protected":false},"author":1,"featured_media":0,"comment_status":"open","ping_status":"open","sticky":false,"template":"","format":"standard","meta":{"footnotes":""},"categories":[66],"tags":[],"class_list":["post-13872","post","type-post","status-publish","format-standard","hentry","category-cultura"],"_links":{"self":[{"href":"https:\/\/sites.ecclesia.pt\/cv\/wp-json\/wp\/v2\/posts\/13872","targetHints":{"allow":["GET"]}}],"collection":[{"href":"https:\/\/sites.ecclesia.pt\/cv\/wp-json\/wp\/v2\/posts"}],"about":[{"href":"https:\/\/sites.ecclesia.pt\/cv\/wp-json\/wp\/v2\/types\/post"}],"author":[{"embeddable":true,"href":"https:\/\/sites.ecclesia.pt\/cv\/wp-json\/wp\/v2\/users\/1"}],"replies":[{"embeddable":true,"href":"https:\/\/sites.ecclesia.pt\/cv\/wp-json\/wp\/v2\/comments?post=13872"}],"version-history":[{"count":0,"href":"https:\/\/sites.ecclesia.pt\/cv\/wp-json\/wp\/v2\/posts\/13872\/revisions"}],"wp:attachment":[{"href":"https:\/\/sites.ecclesia.pt\/cv\/wp-json\/wp\/v2\/media?parent=13872"}],"wp:term":[{"taxonomy":"category","embeddable":true,"href":"https:\/\/sites.ecclesia.pt\/cv\/wp-json\/wp\/v2\/categories?post=13872"},{"taxonomy":"post_tag","embeddable":true,"href":"https:\/\/sites.ecclesia.pt\/cv\/wp-json\/wp\/v2\/tags?post=13872"}],"curies":[{"name":"wp","href":"https:\/\/api.w.org\/{rel}","templated":true}]}}