{"id":13884,"date":"2012-11-14T15:44:00","date_gmt":"2012-11-14T15:44:00","guid":{"rendered":"http:\/\/localhost:81\/wp1\/?p=13884"},"modified":"2012-11-14T15:44:00","modified_gmt":"2012-11-14T15:44:00","slug":"eua-20","status":"publish","type":"post","link":"https:\/\/sites.ecclesia.pt\/cv\/eua-20\/","title":{"rendered":"EUA"},"content":{"rendered":"<p>Crist\u00e3os no Mundo <!--more--> O presidente da Confer\u00eancia Episcopal dos Estados Unidos, cardeal Timothy Dolan, saudou Barack Obama pela sua reelei\u00e7\u00e3o e pediu-lhe que defenda o \u201cbem comum\u201d das popula\u00e7\u00f5es. O arcebispo de Nova Iorque chamou \u201cespecial\u201d aten\u00e7\u00e3o para a import\u00e2ncia de salvaguardar os direitos \u201cdos mais vulner\u00e1veis, incluindo os que est\u00e3o por nascer, os pobres e os imigrantes\u201d.<\/p>\n","protected":false},"excerpt":{"rendered":"<p>Crist\u00e3os no Mundo<\/p>\n","protected":false},"author":1,"featured_media":0,"comment_status":"open","ping_status":"open","sticky":false,"template":"","format":"standard","meta":{"footnotes":""},"categories":[55],"tags":[],"class_list":["post-13884","post","type-post","status-publish","format-standard","hentry","category-igreja-no-mundo"],"_links":{"self":[{"href":"https:\/\/sites.ecclesia.pt\/cv\/wp-json\/wp\/v2\/posts\/13884","targetHints":{"allow":["GET"]}}],"collection":[{"href":"https:\/\/sites.ecclesia.pt\/cv\/wp-json\/wp\/v2\/posts"}],"about":[{"href":"https:\/\/sites.ecclesia.pt\/cv\/wp-json\/wp\/v2\/types\/post"}],"author":[{"embeddable":true,"href":"https:\/\/sites.ecclesia.pt\/cv\/wp-json\/wp\/v2\/users\/1"}],"replies":[{"embeddable":true,"href":"https:\/\/sites.ecclesia.pt\/cv\/wp-json\/wp\/v2\/comments?post=13884"}],"version-history":[{"count":0,"href":"https:\/\/sites.ecclesia.pt\/cv\/wp-json\/wp\/v2\/posts\/13884\/revisions"}],"wp:attachment":[{"href":"https:\/\/sites.ecclesia.pt\/cv\/wp-json\/wp\/v2\/media?parent=13884"}],"wp:term":[{"taxonomy":"category","embeddable":true,"href":"https:\/\/sites.ecclesia.pt\/cv\/wp-json\/wp\/v2\/categories?post=13884"},{"taxonomy":"post_tag","embeddable":true,"href":"https:\/\/sites.ecclesia.pt\/cv\/wp-json\/wp\/v2\/tags?post=13884"}],"curies":[{"name":"wp","href":"https:\/\/api.w.org\/{rel}","templated":true}]}}