{"id":14037,"date":"2009-01-21T17:38:00","date_gmt":"2009-01-21T17:38:00","guid":{"rendered":"http:\/\/localhost:81\/wp1\/?p=14037"},"modified":"2009-01-21T17:38:00","modified_gmt":"2009-01-21T17:38:00","slug":"refeicoes-nas-escolas-de-aveiro-marcadas-pela-internet","status":"publish","type":"post","link":"https:\/\/sites.ecclesia.pt\/cv\/refeicoes-nas-escolas-de-aveiro-marcadas-pela-internet\/","title":{"rendered":"Refei\u00e7\u00f5es nas escolas de Aveiro marcadas pela Internet"},"content":{"rendered":"<p>O Munic\u00edpio de Aveiro implementou um Sistema de Gest\u00e3o Escolar para agilizar a marca\u00e7\u00e3o e desmarca\u00e7\u00e3o das refei\u00e7\u00f5es escolares, consulta de saldos dispon\u00edveis e de assiduidades dos alunos atrav\u00e9s do site da autarquia e de quiosques electr\u00f3nicos. Os pais podem aceder a essas informa\u00e7\u00f5es no endere\u00e7o www.cm-aveiro.microio.pt.<\/p>\n<p>Para o efeito, \u00e9 necess\u00e1rio o recurso a cart\u00f5es de proximidade e a quiosques aut\u00f3nomos (um por agrupamento escolar) que permitem efectuar carregamentos dos cart\u00f5es, consultas, agendamentos e aceder a diversas informa\u00e7\u00f5es.<\/p>\n","protected":false},"excerpt":{"rendered":"<p>O Munic\u00edpio de Aveiro implementou um Sistema de Gest\u00e3o Escolar para agilizar a marca\u00e7\u00e3o e desmarca\u00e7\u00e3o das refei\u00e7\u00f5es escolares, consulta de saldos dispon\u00edveis e de assiduidades dos alunos atrav\u00e9s do site da autarquia e de quiosques electr\u00f3nicos. Os pais podem aceder a essas informa\u00e7\u00f5es no endere\u00e7o www.cm-aveiro.microio.pt. Para o efeito, \u00e9 necess\u00e1rio o recurso a [&hellip;]<\/p>\n","protected":false},"author":1,"featured_media":0,"comment_status":"open","ping_status":"open","sticky":false,"template":"","format":"standard","meta":{"footnotes":""},"categories":[45],"tags":[],"class_list":["post-14037","post","type-post","status-publish","format-standard","hentry","category-regioes"],"_links":{"self":[{"href":"https:\/\/sites.ecclesia.pt\/cv\/wp-json\/wp\/v2\/posts\/14037","targetHints":{"allow":["GET"]}}],"collection":[{"href":"https:\/\/sites.ecclesia.pt\/cv\/wp-json\/wp\/v2\/posts"}],"about":[{"href":"https:\/\/sites.ecclesia.pt\/cv\/wp-json\/wp\/v2\/types\/post"}],"author":[{"embeddable":true,"href":"https:\/\/sites.ecclesia.pt\/cv\/wp-json\/wp\/v2\/users\/1"}],"replies":[{"embeddable":true,"href":"https:\/\/sites.ecclesia.pt\/cv\/wp-json\/wp\/v2\/comments?post=14037"}],"version-history":[{"count":0,"href":"https:\/\/sites.ecclesia.pt\/cv\/wp-json\/wp\/v2\/posts\/14037\/revisions"}],"wp:attachment":[{"href":"https:\/\/sites.ecclesia.pt\/cv\/wp-json\/wp\/v2\/media?parent=14037"}],"wp:term":[{"taxonomy":"category","embeddable":true,"href":"https:\/\/sites.ecclesia.pt\/cv\/wp-json\/wp\/v2\/categories?post=14037"},{"taxonomy":"post_tag","embeddable":true,"href":"https:\/\/sites.ecclesia.pt\/cv\/wp-json\/wp\/v2\/tags?post=14037"}],"curies":[{"name":"wp","href":"https:\/\/api.w.org\/{rel}","templated":true}]}}