{"id":14043,"date":"2009-01-21T17:43:00","date_gmt":"2009-01-21T17:43:00","guid":{"rendered":"http:\/\/localhost:81\/wp1\/?p=14043"},"modified":"2009-01-21T17:43:00","modified_gmt":"2009-01-21T17:43:00","slug":"jorge-palma-em-concerto","status":"publish","type":"post","link":"https:\/\/sites.ecclesia.pt\/cv\/jorge-palma-em-concerto\/","title":{"rendered":"Jorge Palma em concerto"},"content":{"rendered":"<p>O autor de \u201cEncosta-te a mim\u201d, uma das m\u00fasicas mais passadas na r\u00e1dio, em 2008, apresenta em Aveiro o \u00faltimo \u00e1lbum de originais: \u201cVoo Nocturno\u201d, disco de 2007, que abre com o referido tema.<\/p>\n<p>Jorge Palma iniciou a carreira em 1973 e lan\u00e7ou at\u00e9 agora 13 discos de originais, al\u00e9m muitos outros de singles, colect\u00e2neas, compila\u00e7\u00f5es e grava\u00e7\u00f5es ao vivo. \u00c9, sem d\u00favida, um grande compositor\/cantor portugu\u00eas. Quem n\u00e3o conhece \u201cDeixa-me rir\u201d, \u201cNo bairro do amor\u201d, \u201cD\u00e1-me lume\u201d ou \u201cFr\u00e1gil\u201d?<\/p>\n<p>Como j\u00e1 se escreveu, em Jorge Palma \u201csobressai a capacidade de redescobrir a m\u00fasica, de criar uma forma atraente, de exibir sentimentos, explorar emo\u00e7\u00f5es, e cativar sempre mais gente, a acompanhar a sua solid\u00e3o junto ao piano, num misto de querer estar s\u00f3, mas com todos os outros\u201d.<\/p>\n<p>Concerto de Jorge Palma, no Teatro Aveirense, no dia 24 de Janeiro, \u00e0s 21h30. Bilhetes: 10 a 20 euros.<\/p>\n","protected":false},"excerpt":{"rendered":"<p>O autor de \u201cEncosta-te a mim\u201d, uma das m\u00fasicas mais passadas na r\u00e1dio, em 2008, apresenta em Aveiro o \u00faltimo \u00e1lbum de originais: \u201cVoo Nocturno\u201d, disco de 2007, que abre com o referido tema. Jorge Palma iniciou a carreira em 1973 e lan\u00e7ou at\u00e9 agora 13 discos de originais, al\u00e9m muitos outros de singles, colect\u00e2neas, [&hellip;]<\/p>\n","protected":false},"author":1,"featured_media":0,"comment_status":"open","ping_status":"open","sticky":false,"template":"","format":"standard","meta":{"footnotes":""},"categories":[67],"tags":[],"class_list":["post-14043","post","type-post","status-publish","format-standard","hentry","category-ver-ouvir-sair"],"_links":{"self":[{"href":"https:\/\/sites.ecclesia.pt\/cv\/wp-json\/wp\/v2\/posts\/14043","targetHints":{"allow":["GET"]}}],"collection":[{"href":"https:\/\/sites.ecclesia.pt\/cv\/wp-json\/wp\/v2\/posts"}],"about":[{"href":"https:\/\/sites.ecclesia.pt\/cv\/wp-json\/wp\/v2\/types\/post"}],"author":[{"embeddable":true,"href":"https:\/\/sites.ecclesia.pt\/cv\/wp-json\/wp\/v2\/users\/1"}],"replies":[{"embeddable":true,"href":"https:\/\/sites.ecclesia.pt\/cv\/wp-json\/wp\/v2\/comments?post=14043"}],"version-history":[{"count":0,"href":"https:\/\/sites.ecclesia.pt\/cv\/wp-json\/wp\/v2\/posts\/14043\/revisions"}],"wp:attachment":[{"href":"https:\/\/sites.ecclesia.pt\/cv\/wp-json\/wp\/v2\/media?parent=14043"}],"wp:term":[{"taxonomy":"category","embeddable":true,"href":"https:\/\/sites.ecclesia.pt\/cv\/wp-json\/wp\/v2\/categories?post=14043"},{"taxonomy":"post_tag","embeddable":true,"href":"https:\/\/sites.ecclesia.pt\/cv\/wp-json\/wp\/v2\/tags?post=14043"}],"curies":[{"name":"wp","href":"https:\/\/api.w.org\/{rel}","templated":true}]}}