{"id":14171,"date":"2009-02-05T15:05:00","date_gmt":"2009-02-05T15:05:00","guid":{"rendered":"http:\/\/localhost:81\/wp1\/?p=14171"},"modified":"2009-02-05T15:05:00","modified_gmt":"2009-02-05T15:05:00","slug":"mercado-da-costa-nova-em-instalacoes-provisorias","status":"publish","type":"post","link":"https:\/\/sites.ecclesia.pt\/cv\/mercado-da-costa-nova-em-instalacoes-provisorias\/","title":{"rendered":"Mercado da Costa Nova em instala\u00e7\u00f5es provis\u00f3rias"},"content":{"rendered":"<p>O sector de venda de pescado do Mercado da Costa Nova funciona, desde a semana passada, em instala\u00e7\u00f5es provis\u00f3rias erguidas nas imedia\u00e7\u00f5es do mercado, que obedecem a todas as normas de higiene. A mudan\u00e7a da venda do peixe foi motivada pelas obras de amplia\u00e7\u00e3o e remodela\u00e7\u00e3o do edif\u00edcio do Mercado da Costa Nova, que dever\u00e3o decorrer at\u00e9 ao final da Primavera deste ano.<\/p>\n<p>Enquanto as obras o permitirem, a venda dos restantes produtos (frutas, verduras, charcutaria, p\u00e3o, entre outros) continua a decorrer nas instala\u00e7\u00f5es do mercado.<\/p>\n","protected":false},"excerpt":{"rendered":"<p>O sector de venda de pescado do Mercado da Costa Nova funciona, desde a semana passada, em instala\u00e7\u00f5es provis\u00f3rias erguidas nas imedia\u00e7\u00f5es do mercado, que obedecem a todas as normas de higiene. A mudan\u00e7a da venda do peixe foi motivada pelas obras de amplia\u00e7\u00e3o e remodela\u00e7\u00e3o do edif\u00edcio do Mercado da Costa Nova, que dever\u00e3o [&hellip;]<\/p>\n","protected":false},"author":1,"featured_media":0,"comment_status":"open","ping_status":"open","sticky":false,"template":"","format":"standard","meta":{"footnotes":""},"categories":[45],"tags":[],"class_list":["post-14171","post","type-post","status-publish","format-standard","hentry","category-regioes"],"_links":{"self":[{"href":"https:\/\/sites.ecclesia.pt\/cv\/wp-json\/wp\/v2\/posts\/14171","targetHints":{"allow":["GET"]}}],"collection":[{"href":"https:\/\/sites.ecclesia.pt\/cv\/wp-json\/wp\/v2\/posts"}],"about":[{"href":"https:\/\/sites.ecclesia.pt\/cv\/wp-json\/wp\/v2\/types\/post"}],"author":[{"embeddable":true,"href":"https:\/\/sites.ecclesia.pt\/cv\/wp-json\/wp\/v2\/users\/1"}],"replies":[{"embeddable":true,"href":"https:\/\/sites.ecclesia.pt\/cv\/wp-json\/wp\/v2\/comments?post=14171"}],"version-history":[{"count":0,"href":"https:\/\/sites.ecclesia.pt\/cv\/wp-json\/wp\/v2\/posts\/14171\/revisions"}],"wp:attachment":[{"href":"https:\/\/sites.ecclesia.pt\/cv\/wp-json\/wp\/v2\/media?parent=14171"}],"wp:term":[{"taxonomy":"category","embeddable":true,"href":"https:\/\/sites.ecclesia.pt\/cv\/wp-json\/wp\/v2\/categories?post=14171"},{"taxonomy":"post_tag","embeddable":true,"href":"https:\/\/sites.ecclesia.pt\/cv\/wp-json\/wp\/v2\/tags?post=14171"}],"curies":[{"name":"wp","href":"https:\/\/api.w.org\/{rel}","templated":true}]}}