{"id":14172,"date":"2009-02-05T15:05:00","date_gmt":"2009-02-05T15:05:00","guid":{"rendered":"http:\/\/localhost:81\/wp1\/?p=14172"},"modified":"2009-02-05T15:05:00","modified_gmt":"2009-02-05T15:05:00","slug":"sacos-de-cafe-viram-pecas-de-artesanato","status":"publish","type":"post","link":"https:\/\/sites.ecclesia.pt\/cv\/sacos-de-cafe-viram-pecas-de-artesanato\/","title":{"rendered":"Sacos de caf\u00e9 viram pe\u00e7as de artesanato"},"content":{"rendered":"<p>Com o objectivo de reutilizar sacos de caf\u00e9 e sacos pl\u00e1sticos na confec\u00e7\u00e3o de artigos de vestu\u00e1rio, acess\u00f3rios de moda e artesanato, o NAV \u2013 N\u00facleo de Arte do Vouga lan\u00e7ou uma campanha para recolha desses \u201clixos dom\u00e9sticos\u201d, os quais podem ser entregues no espa\u00e7o do NAV situado no Mercado de Santiago, em Aveiro, (telefone 965353619).<\/p>\n<p>Manuel Assis, do NAV, real\u00e7ou que \u201cos sacos recolhidos s\u00e3o controlados em termos de higiene, ap\u00f3s o que ser\u00e3o reciclados por artes\u00e3os a n\u00f3s ligados, dando origem a diversas pe\u00e7as, algumas das quais podem ser vistas na exposi\u00e7\u00e3o patente no nosso espa\u00e7o\u201d.<\/p>\n","protected":false},"excerpt":{"rendered":"<p>Com o objectivo de reutilizar sacos de caf\u00e9 e sacos pl\u00e1sticos na confec\u00e7\u00e3o de artigos de vestu\u00e1rio, acess\u00f3rios de moda e artesanato, o NAV \u2013 N\u00facleo de Arte do Vouga lan\u00e7ou uma campanha para recolha desses \u201clixos dom\u00e9sticos\u201d, os quais podem ser entregues no espa\u00e7o do NAV situado no Mercado de Santiago, em Aveiro, (telefone [&hellip;]<\/p>\n","protected":false},"author":1,"featured_media":0,"comment_status":"open","ping_status":"open","sticky":false,"template":"","format":"standard","meta":{"footnotes":""},"categories":[45],"tags":[],"class_list":["post-14172","post","type-post","status-publish","format-standard","hentry","category-regioes"],"_links":{"self":[{"href":"https:\/\/sites.ecclesia.pt\/cv\/wp-json\/wp\/v2\/posts\/14172","targetHints":{"allow":["GET"]}}],"collection":[{"href":"https:\/\/sites.ecclesia.pt\/cv\/wp-json\/wp\/v2\/posts"}],"about":[{"href":"https:\/\/sites.ecclesia.pt\/cv\/wp-json\/wp\/v2\/types\/post"}],"author":[{"embeddable":true,"href":"https:\/\/sites.ecclesia.pt\/cv\/wp-json\/wp\/v2\/users\/1"}],"replies":[{"embeddable":true,"href":"https:\/\/sites.ecclesia.pt\/cv\/wp-json\/wp\/v2\/comments?post=14172"}],"version-history":[{"count":0,"href":"https:\/\/sites.ecclesia.pt\/cv\/wp-json\/wp\/v2\/posts\/14172\/revisions"}],"wp:attachment":[{"href":"https:\/\/sites.ecclesia.pt\/cv\/wp-json\/wp\/v2\/media?parent=14172"}],"wp:term":[{"taxonomy":"category","embeddable":true,"href":"https:\/\/sites.ecclesia.pt\/cv\/wp-json\/wp\/v2\/categories?post=14172"},{"taxonomy":"post_tag","embeddable":true,"href":"https:\/\/sites.ecclesia.pt\/cv\/wp-json\/wp\/v2\/tags?post=14172"}],"curies":[{"name":"wp","href":"https:\/\/api.w.org\/{rel}","templated":true}]}}