{"id":14173,"date":"2009-02-05T15:06:00","date_gmt":"2009-02-05T15:06:00","guid":{"rendered":"http:\/\/localhost:81\/wp1\/?p=14173"},"modified":"2009-02-05T15:06:00","modified_gmt":"2009-02-05T15:06:00","slug":"unidade-de-cuidados-continuados-em-oliveira-do-bairro","status":"publish","type":"post","link":"https:\/\/sites.ecclesia.pt\/cv\/unidade-de-cuidados-continuados-em-oliveira-do-bairro\/","title":{"rendered":"Unidade de Cuidados Continuados em Oliveira do Bairro"},"content":{"rendered":"<p>A Santa Casa da Miseric\u00f3rdia de Oliveira do Bairro assinou um protocolo com a Administra\u00e7\u00e3o Regional de Sa\u00fade visando a constru\u00e7\u00e3o de uma Unidade de Cuidados Continuados, num terreno adquirido pela Miseric\u00f3rdia na Rua Principal da Lavandeira, a qual dever\u00e1 estar em funcionamento dentro de 24 meses.<\/p>\n<p>A futura Unidade de Cuidados Continuados, com capacidade para acolher 28 utentes, destina-se a prestar cuidados integrados a doentes cr\u00f3nicos ou dependentes que n\u00e3o possam estar em casa.<\/p>\n","protected":false},"excerpt":{"rendered":"<p>A Santa Casa da Miseric\u00f3rdia de Oliveira do Bairro assinou um protocolo com a Administra\u00e7\u00e3o Regional de Sa\u00fade visando a constru\u00e7\u00e3o de uma Unidade de Cuidados Continuados, num terreno adquirido pela Miseric\u00f3rdia na Rua Principal da Lavandeira, a qual dever\u00e1 estar em funcionamento dentro de 24 meses. A futura Unidade de Cuidados Continuados, com capacidade [&hellip;]<\/p>\n","protected":false},"author":1,"featured_media":0,"comment_status":"open","ping_status":"open","sticky":false,"template":"","format":"standard","meta":{"footnotes":""},"categories":[45],"tags":[],"class_list":["post-14173","post","type-post","status-publish","format-standard","hentry","category-regioes"],"_links":{"self":[{"href":"https:\/\/sites.ecclesia.pt\/cv\/wp-json\/wp\/v2\/posts\/14173","targetHints":{"allow":["GET"]}}],"collection":[{"href":"https:\/\/sites.ecclesia.pt\/cv\/wp-json\/wp\/v2\/posts"}],"about":[{"href":"https:\/\/sites.ecclesia.pt\/cv\/wp-json\/wp\/v2\/types\/post"}],"author":[{"embeddable":true,"href":"https:\/\/sites.ecclesia.pt\/cv\/wp-json\/wp\/v2\/users\/1"}],"replies":[{"embeddable":true,"href":"https:\/\/sites.ecclesia.pt\/cv\/wp-json\/wp\/v2\/comments?post=14173"}],"version-history":[{"count":0,"href":"https:\/\/sites.ecclesia.pt\/cv\/wp-json\/wp\/v2\/posts\/14173\/revisions"}],"wp:attachment":[{"href":"https:\/\/sites.ecclesia.pt\/cv\/wp-json\/wp\/v2\/media?parent=14173"}],"wp:term":[{"taxonomy":"category","embeddable":true,"href":"https:\/\/sites.ecclesia.pt\/cv\/wp-json\/wp\/v2\/categories?post=14173"},{"taxonomy":"post_tag","embeddable":true,"href":"https:\/\/sites.ecclesia.pt\/cv\/wp-json\/wp\/v2\/tags?post=14173"}],"curies":[{"name":"wp","href":"https:\/\/api.w.org\/{rel}","templated":true}]}}