{"id":14174,"date":"2009-02-05T15:08:00","date_gmt":"2009-02-05T15:08:00","guid":{"rendered":"http:\/\/localhost:81\/wp1\/?p=14174"},"modified":"2009-02-05T15:08:00","modified_gmt":"2009-02-05T15:08:00","slug":"homenagem-a-musica","status":"publish","type":"post","link":"https:\/\/sites.ecclesia.pt\/cv\/homenagem-a-musica\/","title":{"rendered":"Homenagem \u00e0 M\u00fasica"},"content":{"rendered":"<p>Monumentos de Aveiro <!--more--> No jardim do Largo Conselheiro Queir\u00f3s (Alboi), frente \u00e0 sede a Banda Amizade, ergue-se o Monumento \u201c\u00c0 M\u00fasica\u201d, que homenageia a mais antiga banda filarm\u00f3nica existente no concelho de Aveiro, precisamente a Banda Amizade.<\/p>\n<p>Com este monumento, Aveiro reconhece que, a par das personalidades que se destacaram a n\u00edvel local ou nacional, tamb\u00e9m as artes, pelo relevante contributo que prestam \u00e0 vida interior de cada um, podem e devem ser evocadas em monumentos p\u00fablicos.<\/p>\n<p>C.F.<\/p>\n","protected":false},"excerpt":{"rendered":"<p>Monumentos de Aveiro<\/p>\n","protected":false},"author":1,"featured_media":0,"comment_status":"open","ping_status":"open","sticky":false,"template":"","format":"standard","meta":{"footnotes":""},"categories":[45],"tags":[],"class_list":["post-14174","post","type-post","status-publish","format-standard","hentry","category-regioes"],"_links":{"self":[{"href":"https:\/\/sites.ecclesia.pt\/cv\/wp-json\/wp\/v2\/posts\/14174","targetHints":{"allow":["GET"]}}],"collection":[{"href":"https:\/\/sites.ecclesia.pt\/cv\/wp-json\/wp\/v2\/posts"}],"about":[{"href":"https:\/\/sites.ecclesia.pt\/cv\/wp-json\/wp\/v2\/types\/post"}],"author":[{"embeddable":true,"href":"https:\/\/sites.ecclesia.pt\/cv\/wp-json\/wp\/v2\/users\/1"}],"replies":[{"embeddable":true,"href":"https:\/\/sites.ecclesia.pt\/cv\/wp-json\/wp\/v2\/comments?post=14174"}],"version-history":[{"count":0,"href":"https:\/\/sites.ecclesia.pt\/cv\/wp-json\/wp\/v2\/posts\/14174\/revisions"}],"wp:attachment":[{"href":"https:\/\/sites.ecclesia.pt\/cv\/wp-json\/wp\/v2\/media?parent=14174"}],"wp:term":[{"taxonomy":"category","embeddable":true,"href":"https:\/\/sites.ecclesia.pt\/cv\/wp-json\/wp\/v2\/categories?post=14174"},{"taxonomy":"post_tag","embeddable":true,"href":"https:\/\/sites.ecclesia.pt\/cv\/wp-json\/wp\/v2\/tags?post=14174"}],"curies":[{"name":"wp","href":"https:\/\/api.w.org\/{rel}","templated":true}]}}