{"id":14175,"date":"2009-02-05T15:10:00","date_gmt":"2009-02-05T15:10:00","guid":{"rendered":"http:\/\/localhost:81\/wp1\/?p=14175"},"modified":"2009-02-05T15:10:00","modified_gmt":"2009-02-05T15:10:00","slug":"empresarios-da-regiao-debatem-gestao-do-aeroporto-do-porto","status":"publish","type":"post","link":"https:\/\/sites.ecclesia.pt\/cv\/empresarios-da-regiao-debatem-gestao-do-aeroporto-do-porto\/","title":{"rendered":"Empres\u00e1rios da regi\u00e3o debatem gest\u00e3o do Aeroporto do Porto"},"content":{"rendered":"<p>Empres\u00e1rios da regi\u00e3o de Aveiro \u2013 e do Norte do pa\u00eds \u2013 querem ser ouvidos, numa altura em que o governo prev\u00ea mudar o modelo de gest\u00e3o do Aeroporto do Porto<\/p>\n<p>A Associa\u00e7\u00e3o Industrial do Distrito de Aveiro (AIDA) promove no dia 11 de Fevereiro um semin\u00e1rio sobre \u201cA Competitividade da Economia Regional e a Gest\u00e3o do Aeroporto do Porto\u201d. O debate decorre nas instala\u00e7\u00f5es da AIDA, com entrada gratuita, mas exigindo inscri\u00e7\u00e3o (tel.: 234 302 497, e-mail e.andrade@aida.pt).<\/p>\n<p>A iniciativa insere-se na perspectiva da privatiza\u00e7\u00e3o da ANA, empresa que gere os principais aeroportos nacionais. \u201cA gest\u00e3o do aeroporto do Porto ficar\u00e1 certamente condicionada, na medida em que todos os investimentos se ir\u00e3o concentrar no novo aeroporto de Lisboa\u201d, refere uma nota de imprensa da associa\u00e7\u00e3o aveirense. Face a esta possibilidade, a AIDA, a Associa\u00e7\u00e3o Empresarial de Portugal, a Associa\u00e7\u00e3o Comercial do Porto e a Associa\u00e7\u00e3o Industrial do Minho defendem uma gest\u00e3o aut\u00f3noma do Aeroporto do Porto e pretendem \u201csensibilizar o Governo para a necessidade de adop\u00e7\u00e3o de um modelo de gest\u00e3o que v\u00e1 ao encontro de uma l\u00f3gica de mercado regional\u201d.<\/p>\n<p>O Aeroporto Francisco S\u00e1 Carneiro tem um papel crucial no desenvolvimento da economia das Regi\u00f5es Centro e Norte, funcionando como uma das mais importantes infra-estruturas de apoio e permitindo \u00e0s empresas destas regi\u00f5es a entrada em novos mercados. Quando se fala de novo em regionaliza\u00e7\u00e3o, mas \u201ch\u00e1 relut\u00e2ncia em deixar que o Aeroporto S\u00e1 Carneiro seja privatizado e gerido por gente do Norte\u201d, como denunciou Francisco Sarsfield Cabral (P\u00fablico, 2 de Fevereiro), as associa\u00e7\u00f5es empresariais n\u00e3o querem ficar a ver passar avi\u00f5es.<\/p>\n<p>Programa do semin\u00e1rio da AIDA<\/p>\n<p>14h30 \u2013 Recep\u00e7\u00e3o; <\/p>\n<p>15h00 &#8211; A AIDA e o Movimento em curso pela Gest\u00e3o aut\u00f3noma do Aeroporto do Porto, por Valdemar Coutinho, presidente da AIDA; <\/p>\n<p>15h30 \u2013 A import\u00e2ncia do Aeroporto e da sua gest\u00e3o aut\u00f3noma para\u2026 \u2026O desenvolvimento da Regi\u00e3o de Aveiro, por Ribau Esteves, presidente da CIRA \u2013 Baixo Vouga; \u2026O desenvolvimento do Turismo na Regi\u00e3o Centro, por Pedro Machado, Presidente Turismo do Centro; \u2026A competitividade da Regi\u00e3o Centro, por Alfredo Marques, Presidente da CCDRC; \u2026A competitividade das empresas do Norte e do Centro de Portugal, por Jos\u00e9 Ant\u00f3nio Barros, presidente da AEP. <\/p>\n<p>17h30 \u2013 Debate moderado por Ricardo Luz, da Gestluz Consultores;<\/p>\n<p>18h30 \u2013 Encerramento.<\/p>\n","protected":false},"excerpt":{"rendered":"<p>Empres\u00e1rios da regi\u00e3o de Aveiro \u2013 e do Norte do pa\u00eds \u2013 querem ser ouvidos, numa altura em que o governo prev\u00ea mudar o modelo de gest\u00e3o do Aeroporto do Porto A Associa\u00e7\u00e3o Industrial do Distrito de Aveiro (AIDA) promove no dia 11 de Fevereiro um semin\u00e1rio sobre \u201cA Competitividade da Economia Regional e a [&hellip;]<\/p>\n","protected":false},"author":1,"featured_media":0,"comment_status":"open","ping_status":"open","sticky":false,"template":"","format":"standard","meta":{"footnotes":""},"categories":[45],"tags":[],"class_list":["post-14175","post","type-post","status-publish","format-standard","hentry","category-regioes"],"_links":{"self":[{"href":"https:\/\/sites.ecclesia.pt\/cv\/wp-json\/wp\/v2\/posts\/14175","targetHints":{"allow":["GET"]}}],"collection":[{"href":"https:\/\/sites.ecclesia.pt\/cv\/wp-json\/wp\/v2\/posts"}],"about":[{"href":"https:\/\/sites.ecclesia.pt\/cv\/wp-json\/wp\/v2\/types\/post"}],"author":[{"embeddable":true,"href":"https:\/\/sites.ecclesia.pt\/cv\/wp-json\/wp\/v2\/users\/1"}],"replies":[{"embeddable":true,"href":"https:\/\/sites.ecclesia.pt\/cv\/wp-json\/wp\/v2\/comments?post=14175"}],"version-history":[{"count":0,"href":"https:\/\/sites.ecclesia.pt\/cv\/wp-json\/wp\/v2\/posts\/14175\/revisions"}],"wp:attachment":[{"href":"https:\/\/sites.ecclesia.pt\/cv\/wp-json\/wp\/v2\/media?parent=14175"}],"wp:term":[{"taxonomy":"category","embeddable":true,"href":"https:\/\/sites.ecclesia.pt\/cv\/wp-json\/wp\/v2\/categories?post=14175"},{"taxonomy":"post_tag","embeddable":true,"href":"https:\/\/sites.ecclesia.pt\/cv\/wp-json\/wp\/v2\/tags?post=14175"}],"curies":[{"name":"wp","href":"https:\/\/api.w.org\/{rel}","templated":true}]}}