{"id":14178,"date":"2009-02-05T15:16:00","date_gmt":"2009-02-05T15:16:00","guid":{"rendered":"http:\/\/localhost:81\/wp1\/?p=14178"},"modified":"2009-02-05T15:16:00","modified_gmt":"2009-02-05T15:16:00","slug":"exposicao-itinerante-sobre-os-250-anos-de-aveiro","status":"publish","type":"post","link":"https:\/\/sites.ecclesia.pt\/cv\/exposicao-itinerante-sobre-os-250-anos-de-aveiro\/","title":{"rendered":"Exposi\u00e7\u00e3o itinerante sobre os 250 anos de Aveiro"},"content":{"rendered":"<p>At\u00e9 ao pr\u00f3ximo dia 13, a Exposi\u00e7\u00e3o Documental Itinerante \u201c250 anos de Hist\u00f3ria Aveirense\u201d est\u00e1 na Escola EB 2.3 Aires Barbosa, seguindo depois para a EB 2.3 de Aradas, onde estar\u00e1 de 16 a 20 de Fevereiro.<\/p>\n<p>At\u00e9 Junho, esta exposi\u00e7\u00e3o documental itinerante ir\u00e1 percorrer a Rede das Bibliotecas Escolares do Concelho de Aveiro, com o objectivo de integrar essas bibliotecas nas comemora\u00e7\u00f5es dos 250 anos da eleva\u00e7\u00e3o de Aveiro a cidade e de promover a investiga\u00e7\u00e3o atrav\u00e9s do acesso \u00e0s fontes e aos documentos que fizeram a hist\u00f3ria da cidade.<\/p>\n","protected":false},"excerpt":{"rendered":"<p>At\u00e9 ao pr\u00f3ximo dia 13, a Exposi\u00e7\u00e3o Documental Itinerante \u201c250 anos de Hist\u00f3ria Aveirense\u201d est\u00e1 na Escola EB 2.3 Aires Barbosa, seguindo depois para a EB 2.3 de Aradas, onde estar\u00e1 de 16 a 20 de Fevereiro. At\u00e9 Junho, esta exposi\u00e7\u00e3o documental itinerante ir\u00e1 percorrer a Rede das Bibliotecas Escolares do Concelho de Aveiro, com [&hellip;]<\/p>\n","protected":false},"author":1,"featured_media":0,"comment_status":"open","ping_status":"open","sticky":false,"template":"","format":"standard","meta":{"footnotes":""},"categories":[45],"tags":[],"class_list":["post-14178","post","type-post","status-publish","format-standard","hentry","category-regioes"],"_links":{"self":[{"href":"https:\/\/sites.ecclesia.pt\/cv\/wp-json\/wp\/v2\/posts\/14178","targetHints":{"allow":["GET"]}}],"collection":[{"href":"https:\/\/sites.ecclesia.pt\/cv\/wp-json\/wp\/v2\/posts"}],"about":[{"href":"https:\/\/sites.ecclesia.pt\/cv\/wp-json\/wp\/v2\/types\/post"}],"author":[{"embeddable":true,"href":"https:\/\/sites.ecclesia.pt\/cv\/wp-json\/wp\/v2\/users\/1"}],"replies":[{"embeddable":true,"href":"https:\/\/sites.ecclesia.pt\/cv\/wp-json\/wp\/v2\/comments?post=14178"}],"version-history":[{"count":0,"href":"https:\/\/sites.ecclesia.pt\/cv\/wp-json\/wp\/v2\/posts\/14178\/revisions"}],"wp:attachment":[{"href":"https:\/\/sites.ecclesia.pt\/cv\/wp-json\/wp\/v2\/media?parent=14178"}],"wp:term":[{"taxonomy":"category","embeddable":true,"href":"https:\/\/sites.ecclesia.pt\/cv\/wp-json\/wp\/v2\/categories?post=14178"},{"taxonomy":"post_tag","embeddable":true,"href":"https:\/\/sites.ecclesia.pt\/cv\/wp-json\/wp\/v2\/tags?post=14178"}],"curies":[{"name":"wp","href":"https:\/\/api.w.org\/{rel}","templated":true}]}}