{"id":14179,"date":"2009-02-05T15:17:00","date_gmt":"2009-02-05T15:17:00","guid":{"rendered":"http:\/\/localhost:81\/wp1\/?p=14179"},"modified":"2009-02-05T15:17:00","modified_gmt":"2009-02-05T15:17:00","slug":"cientista-por-um-dia-na-fabrica-centro-ciencia-viva","status":"publish","type":"post","link":"https:\/\/sites.ecclesia.pt\/cv\/cientista-por-um-dia-na-fabrica-centro-ciencia-viva\/","title":{"rendered":"Cientista por um dia na F\u00e1brica Centro Ci\u00eancia Viva"},"content":{"rendered":"<p>\u201cNa pele de um cientista\u201d \u00e9 uma iniciativa da F\u00e1brica Centro Ci\u00eancia Viva para a comemora\u00e7\u00e3o do Carnaval, uma festividade com tradi\u00e7\u00e3o na Regi\u00e3o. <\/p>\n<p>A proposta \u00e9 tornar a tarde do dia 21 de Fevereiro numa mostra de experi\u00eancias preparadas e explicadas por \u201ccientistas\u201d e \u201cinvestigadores\u201d por um dia. Sem limite de idade e aberto \u00e0 comunidade em geral, este \u00e9 um desafio para o Carnaval 2009. Inscri\u00e7\u00f5es atrav\u00e9s do telef. 234 427 053 ou do e-mail  fabrica.cienciaviva@ua.pt. <\/p>\n","protected":false},"excerpt":{"rendered":"<p>\u201cNa pele de um cientista\u201d \u00e9 uma iniciativa da F\u00e1brica Centro Ci\u00eancia Viva para a comemora\u00e7\u00e3o do Carnaval, uma festividade com tradi\u00e7\u00e3o na Regi\u00e3o. A proposta \u00e9 tornar a tarde do dia 21 de Fevereiro numa mostra de experi\u00eancias preparadas e explicadas por \u201ccientistas\u201d e \u201cinvestigadores\u201d por um dia. Sem limite de idade e aberto [&hellip;]<\/p>\n","protected":false},"author":1,"featured_media":0,"comment_status":"open","ping_status":"open","sticky":false,"template":"","format":"standard","meta":{"footnotes":""},"categories":[45],"tags":[],"class_list":["post-14179","post","type-post","status-publish","format-standard","hentry","category-regioes"],"_links":{"self":[{"href":"https:\/\/sites.ecclesia.pt\/cv\/wp-json\/wp\/v2\/posts\/14179","targetHints":{"allow":["GET"]}}],"collection":[{"href":"https:\/\/sites.ecclesia.pt\/cv\/wp-json\/wp\/v2\/posts"}],"about":[{"href":"https:\/\/sites.ecclesia.pt\/cv\/wp-json\/wp\/v2\/types\/post"}],"author":[{"embeddable":true,"href":"https:\/\/sites.ecclesia.pt\/cv\/wp-json\/wp\/v2\/users\/1"}],"replies":[{"embeddable":true,"href":"https:\/\/sites.ecclesia.pt\/cv\/wp-json\/wp\/v2\/comments?post=14179"}],"version-history":[{"count":0,"href":"https:\/\/sites.ecclesia.pt\/cv\/wp-json\/wp\/v2\/posts\/14179\/revisions"}],"wp:attachment":[{"href":"https:\/\/sites.ecclesia.pt\/cv\/wp-json\/wp\/v2\/media?parent=14179"}],"wp:term":[{"taxonomy":"category","embeddable":true,"href":"https:\/\/sites.ecclesia.pt\/cv\/wp-json\/wp\/v2\/categories?post=14179"},{"taxonomy":"post_tag","embeddable":true,"href":"https:\/\/sites.ecclesia.pt\/cv\/wp-json\/wp\/v2\/tags?post=14179"}],"curies":[{"name":"wp","href":"https:\/\/api.w.org\/{rel}","templated":true}]}}